{"id":44407,"date":"2026-03-12T17:00:53","date_gmt":"2026-03-12T21:00:53","guid":{"rendered":"https:\/\/expressaoms.com.br\/?p=44407"},"modified":"2026-03-12T13:42:14","modified_gmt":"2026-03-12T17:42:14","slug":"prefeito-de-tl-da-posse-a-mais-servidores-na-saude-educacao-e-infraestrutura","status":"publish","type":"post","link":"https:\/\/expressaoms.com.br\/index.php\/2026\/03\/12\/prefeito-de-tl-da-posse-a-mais-servidores-na-saude-educacao-e-infraestrutura\/","title":{"rendered":"Prefeito de TL d\u00e1 posse a mais servidores na Sa\u00fade, Educa\u00e7\u00e3o e Infraestrutura"},"content":{"rendered":"<p>A Prefeitura de Tr\u00eas Lagoas, por meio da Secretaria Municipal de Gest\u00e3o de Pessoas (SEGP), realizou na manh\u00e3 desta quinta-feira, 12 de mar\u00e7o, no Gabinete do Prefeito, a cerim\u00f4nia de posse dos novos servidores p\u00fablicos do munic\u00edpio.<\/p>\n<p>Ao todo, 13 pessoas foram empossadas nos cargos de T\u00e9cnico em Enfermagem (05), M\u00e9dico Plantonista (04), T\u00e9cnico em Seguran\u00e7a do Trabalho (01), Professor de Ingl\u00eas (01), Professor de Educa\u00e7\u00e3o Infantil (01) e Secret\u00e1rio Escolar (01), que integrar\u00e3o o quadro de colaboradores das Secretarias Municipais de Educa\u00e7\u00e3o (SEMED), Sa\u00fade (SMS) e Infraestrutura, Tr\u00e2nsito e Transporte (SEINTRA).<\/p>\n<p>A cerim\u00f4nia recebeu a presen\u00e7a do Prefeito Municipal, Dr. Cassiano Maia, que celebrou a conquista dos novos empossados. \u201cUm concurso p\u00fablico deve ser encarado como patrim\u00f4nio individual, uma conquista que repercute em toda a fam\u00edlia do concursado, que celebram juntos esta vit\u00f3ria profissional t\u00e3o importante\u201d, destacou Cassiano.<\/p>\n<p>Tamb\u00e9m estiveram presentes na cerim\u00f4nia de posse o secret\u00e1rio da Assist\u00eancia Social, Fernando Brito; a secret\u00e1ria de Gest\u00e3o de Pessoas, Vanessa S\u00eana; a presidente do Sindicato dos Servidores P\u00fablicos, Luciana Bra\u00e7al; al\u00e9m dos vereadores Adriano Rodrigues, Daniel da farm\u00e1cia e Marco Silva. O vereador Adriano tamb\u00e9m parabenizou a todos pela conquista, afirmando que, independentemente da \u00e1rea de atua\u00e7\u00e3o, todos entregar\u00e3o um bom trabalho a popula\u00e7\u00e3o.<\/p>\n","protected":false},"excerpt":{"rendered":"<p>A Prefeitura de Tr\u00eas Lagoas, por meio da Secretaria Municipal de Gest\u00e3o de Pessoas (SEGP), realizou na manh\u00e3 desta quinta-feira, 12 de mar\u00e7o, no Gabinete do Prefeito, a cerim\u00f4nia de posse dos novos servidores p\u00fablicos do munic\u00edpio. Ao todo, 13 pessoas foram empossadas nos cargos de T\u00e9cnico em Enfermagem (05), M\u00e9dico Plantonista (04), T\u00e9cnico em [&hellip;]<\/p>\n","protected":false},"author":5,"featured_media":44408,"comment_status":"open","ping_status":"open","sticky":false,"template":"","format":"standard","meta":{"om_disable_all_campaigns":false,"_monsterinsights_skip_tracking":false,"_monsterinsights_sitenote_active":false,"_monsterinsights_sitenote_note":"","_monsterinsights_sitenote_category":0,"footnotes":""},"categories":[30,32,266,193,44,48],"tags":[],"aioseo_notices":[],"_links":{"self":[{"href":"https:\/\/expressaoms.com.br\/index.php\/wp-json\/wp\/v2\/posts\/44407"}],"collection":[{"href":"https:\/\/expressaoms.com.br\/index.php\/wp-json\/wp\/v2\/posts"}],"about":[{"href":"https:\/\/expressaoms.com.br\/index.php\/wp-json\/wp\/v2\/types\/post"}],"author":[{"embeddable":true,"href":"https:\/\/expressaoms.com.br\/index.php\/wp-json\/wp\/v2\/users\/5"}],"replies":[{"embeddable":true,"href":"https:\/\/expressaoms.com.br\/index.php\/wp-json\/wp\/v2\/comments?post=44407"}],"version-history":[{"count":1,"href":"https:\/\/expressaoms.com.br\/index.php\/wp-json\/wp\/v2\/posts\/44407\/revisions"}],"predecessor-version":[{"id":44409,"href":"https:\/\/expressaoms.com.br\/index.php\/wp-json\/wp\/v2\/posts\/44407\/revisions\/44409"}],"wp:featuredmedia":[{"embeddable":true,"href":"https:\/\/expressaoms.com.br\/index.php\/wp-json\/wp\/v2\/media\/44408"}],"wp:attachment":[{"href":"https:\/\/expressaoms.com.br\/index.php\/wp-json\/wp\/v2\/media?parent=44407"}],"wp:term":[{"taxonomy":"category","embeddable":true,"href":"https:\/\/expressaoms.com.br\/index.php\/wp-json\/wp\/v2\/categories?post=44407"},{"taxonomy":"post_tag","embeddable":true,"href":"https:\/\/expressaoms.com.br\/index.php\/wp-json\/wp\/v2\/tags?post=44407"}],"curies":[{"name":"wp","href":"https:\/\/api.w.org\/{rel}","templated":true}]}}