{"id":44410,"date":"2026-03-12T13:43:53","date_gmt":"2026-03-12T17:43:53","guid":{"rendered":"https:\/\/expressaoms.com.br\/?p=44410"},"modified":"2026-03-12T13:43:53","modified_gmt":"2026-03-12T17:43:53","slug":"adriano-homem-que-vivia-em-situacao-de-rua-em-tres-lagoas-reencontra-familia-no-rio-grande-do-sul","status":"publish","type":"post","link":"https:\/\/expressaoms.com.br\/index.php\/2026\/03\/12\/adriano-homem-que-vivia-em-situacao-de-rua-em-tres-lagoas-reencontra-familia-no-rio-grande-do-sul\/","title":{"rendered":"Adriano, homem que vivia em situa\u00e7\u00e3o de rua em Tr\u00eas Lagoas, reencontra fam\u00edlia no Rio Grande do Sul"},"content":{"rendered":"<p>Conhecido por muitos moradores de Tr\u00eas Lagoas, Adriano dos Santos tornou-se uma figura marcante na cidade nos \u00faltimos anos. Ele costumava dormir em uma barraca localizada no canteiro central da Avenida Filinto M\u00fcller, situa\u00e7\u00e3o que chamou a aten\u00e7\u00e3o da popula\u00e7\u00e3o e tamb\u00e9m das equipes da Secretaria Municipal de Assist\u00eancia Social (SMAS) e da Secretaria Municipal de Sa\u00fade (SMS) da Prefeitura.<\/p>\n<p>Diante do quadro de extrema vulnerabilidade, vivendo em condi\u00e7\u00f5es insalubres nas ruas, Adriano foi identificado com diagn\u00f3stico de esquizofrenia, al\u00e9m de apresentar problemas relacionados ao uso de \u00e1lcool e outras drogas. A partir dessa situa\u00e7\u00e3o, e a pedido do prefeito Dr. Cassiano Maia, foi realizada uma interna\u00e7\u00e3o compuls\u00f3ria, com apoio do Poder Judici\u00e1rio.<\/p>\n<p>A a\u00e7\u00e3o aconteceu no dia 4 de dezembro e contou com articula\u00e7\u00e3o da Prefeitura de Tr\u00eas Lagoas, por meio de um trabalho conjunto entre as SMS e de SMAS, com apoio do Governo do Estado. Adriano foi encaminhado para uma cl\u00ednica de reabilita\u00e7\u00e3o psiqui\u00e1trica no munic\u00edpio de Parana\u00edba, onde recebeu acompanhamento m\u00e9dico especializado, medica\u00e7\u00e3o adequada e cuidados b\u00e1sicos de sa\u00fade e higiene.<\/p>\n<div class=\"wp-block-image\">\n<figure class=\"alignright size-large is-resized\"><img fetchpriority=\"high\" decoding=\"async\" class=\"wp-image-162469\" src=\"https:\/\/www.treslagoas.ms.gov.br\/wp-content\/uploads\/2026\/03\/ADRIANO-1-1-920x548.jpeg\" sizes=\"(max-width: 920px) 100vw, 920px\" srcset=\"https:\/\/www.treslagoas.ms.gov.br\/wp-content\/uploads\/2026\/03\/ADRIANO-1-1-scaled.jpeg 920w, https:\/\/www.treslagoas.ms.gov.br\/wp-content\/uploads\/2026\/03\/ADRIANO-1-1-300x179.jpeg 300w, https:\/\/www.treslagoas.ms.gov.br\/wp-content\/uploads\/2026\/03\/ADRIANO-1-1-768x457.jpeg 768w, https:\/\/www.treslagoas.ms.gov.br\/wp-content\/uploads\/2026\/03\/ADRIANO-1-1-280x167.jpeg 280w, https:\/\/www.treslagoas.ms.gov.br\/wp-content\/uploads\/2026\/03\/ADRIANO-1-1-600x357.jpeg 600w\" alt=\"\" width=\"920\" height=\"548\" \/><\/figure>\n<\/div>\n<p>De acordo com o psic\u00f3logo, psicoterapeuta e coordenador da Rede de Aten\u00e7\u00e3o Psicossocial (RAPS), Igor Paez, que coordenou todo o processo de cuidado, a a\u00e7\u00e3o foi resultado de um trabalho integrado entre diferentes setores do poder p\u00fablico. \u201cA situa\u00e7\u00e3o do Adriano exigia um olhar atento e uma atua\u00e7\u00e3o respons\u00e1vel das equipes. Foi um trabalho constru\u00eddo com muito di\u00e1logo, planejamento e acompanhamento cont\u00ednuo. Nosso objetivo sempre foi garantir que ele tivesse acesso ao tratamento adequado e, principalmente, a possibilidade de reconstruir seus v\u00ednculos familiares e sociais\u201d, destacou.<\/p>\n<p>Ap\u00f3s cerca de tr\u00eas meses de tratamento, Adriano recebeu alta m\u00e9dica e iniciou um novo cap\u00edtulo em sua vida. Com um trabalho cuidadoso das equipes envolvidas, foi poss\u00edvel localizar e restabelecer o contato com sua fam\u00edlia no Rio Grande do Sul, onde ser\u00e1 acolhido e acompanhado pelos familiares, que ficar\u00e3o respons\u00e1veis por apoi\u00e1-lo neste processo de recome\u00e7o.<\/p>\n<p><strong>REENCONTRO<\/strong><\/p>\n<p>O reencontro foi marcado pela emo\u00e7\u00e3o da irm\u00e3, Andriele dos Santos, que destacou a felicidade de rever o irm\u00e3o e a import\u00e2ncia do trabalho realizado pelas equipes de Tr\u00eas Lagoas. \u201cEstou muito feliz por receber meu irm\u00e3o de volta. \u00c9 um momento muito importante para nossa fam\u00edlia. Sou muito grata por todo o cuidado que tiveram com ele. Saber que ele recebeu tratamento e que agora podemos estar juntos novamente nos d\u00e1 esperan\u00e7a de um novo come\u00e7o, de uma vida mais digna\u201d, afirmou.<\/p>\n<p><strong>A\u00c7\u00c3O P\u00daBLICA<\/strong><\/p>\n<p>A hist\u00f3ria tamb\u00e9m refor\u00e7a a import\u00e2ncia de pol\u00edticas p\u00fablicas voltadas ao atendimento da popula\u00e7\u00e3o em situa\u00e7\u00e3o de rua, como as a\u00e7\u00f5es desenvolvidas por meio da Opera\u00e7\u00e3o Approximatus e os servi\u00e7os oferecidos pelo Centro POP e pelo Acolhimento POP, que atuam no acolhimento, orienta\u00e7\u00e3o e encaminhamento de pessoas em situa\u00e7\u00e3o de vulnerabilidade social.<\/p>\n","protected":false},"excerpt":{"rendered":"<p>Conhecido por muitos moradores de Tr\u00eas Lagoas, Adriano dos Santos tornou-se uma figura marcante na cidade nos \u00faltimos anos. Ele costumava dormir em uma barraca localizada no canteiro central da Avenida Filinto M\u00fcller, situa\u00e7\u00e3o que chamou a aten\u00e7\u00e3o da popula\u00e7\u00e3o e tamb\u00e9m das equipes da Secretaria Municipal de Assist\u00eancia Social (SMAS) e da Secretaria Municipal [&hellip;]<\/p>\n","protected":false},"author":5,"featured_media":44411,"comment_status":"open","ping_status":"open","sticky":false,"template":"","format":"standard","meta":{"om_disable_all_campaigns":false,"_monsterinsights_skip_tracking":false,"_monsterinsights_sitenote_active":false,"_monsterinsights_sitenote_note":"","_monsterinsights_sitenote_category":0,"footnotes":""},"categories":[30,266,193,48],"tags":[],"aioseo_notices":[],"_links":{"self":[{"href":"https:\/\/expressaoms.com.br\/index.php\/wp-json\/wp\/v2\/posts\/44410"}],"collection":[{"href":"https:\/\/expressaoms.com.br\/index.php\/wp-json\/wp\/v2\/posts"}],"about":[{"href":"https:\/\/expressaoms.com.br\/index.php\/wp-json\/wp\/v2\/types\/post"}],"author":[{"embeddable":true,"href":"https:\/\/expressaoms.com.br\/index.php\/wp-json\/wp\/v2\/users\/5"}],"replies":[{"embeddable":true,"href":"https:\/\/expressaoms.com.br\/index.php\/wp-json\/wp\/v2\/comments?post=44410"}],"version-history":[{"count":1,"href":"https:\/\/expressaoms.com.br\/index.php\/wp-json\/wp\/v2\/posts\/44410\/revisions"}],"predecessor-version":[{"id":44412,"href":"https:\/\/expressaoms.com.br\/index.php\/wp-json\/wp\/v2\/posts\/44410\/revisions\/44412"}],"wp:featuredmedia":[{"embeddable":true,"href":"https:\/\/expressaoms.com.br\/index.php\/wp-json\/wp\/v2\/media\/44411"}],"wp:attachment":[{"href":"https:\/\/expressaoms.com.br\/index.php\/wp-json\/wp\/v2\/media?parent=44410"}],"wp:term":[{"taxonomy":"category","embeddable":true,"href":"https:\/\/expressaoms.com.br\/index.php\/wp-json\/wp\/v2\/categories?post=44410"},{"taxonomy":"post_tag","embeddable":true,"href":"https:\/\/expressaoms.com.br\/index.php\/wp-json\/wp\/v2\/tags?post=44410"}],"curies":[{"name":"wp","href":"https:\/\/api.w.org\/{rel}","templated":true}]}}