{"id":44413,"date":"2026-03-12T13:47:58","date_gmt":"2026-03-12T17:47:58","guid":{"rendered":"https:\/\/expressaoms.com.br\/?p=44413"},"modified":"2026-03-12T13:47:58","modified_gmt":"2026-03-12T17:47:58","slug":"camara-municipal-realiza-audiencia-publica-para-debater-violencia-contra-a-mulher","status":"publish","type":"post","link":"https:\/\/expressaoms.com.br\/index.php\/2026\/03\/12\/camara-municipal-realiza-audiencia-publica-para-debater-violencia-contra-a-mulher\/","title":{"rendered":"C\u00e2mara Municipal realiza audi\u00eancia p\u00fablica para debater viol\u00eancia contra a mulher"},"content":{"rendered":"<div class=\"ds-message _63c77b1\">\n<div class=\"ds-markdown\">\n<p class=\"ds-markdown-paragraph\">A luta pelo fim da viol\u00eancia contra a mulher ganha mais um importante espa\u00e7o de discuss\u00e3o em Tr\u00eas Lagoas. Na noite desta quinta-feira, dia\u00a012 de mar\u00e7o, \u00e0s\u00a018h30, a C\u00e2mara Municipal ser\u00e1 palco de uma\u00a0Audi\u00eancia P\u00fablica\u00a0para debater o tema, uma propositura do\u00a0Vereador Fernando Jurado.<\/p>\n<p class=\"ds-markdown-paragraph\">O evento, que tem como objetivo reunir poder p\u00fablico, especialistas e a sociedade civil, acontecer\u00e1 no\u00a0Plen\u00e1rio da C\u00e2mara, localizado na\u00a0Rua Sunao Miura, 71, no bairro Santos Dumont. A participa\u00e7\u00e3o \u00e9 livre e aberta a todos os cidad\u00e3os interessados em contribuir com o debate e na busca por solu\u00e7\u00f5es eficazes para o enfrentamento a esse tipo de viol\u00eancia.<\/p>\n<p class=\"ds-markdown-paragraph\">A audi\u00eancia p\u00fablica \u00e9 um instrumento fundamental da democracia participativa, permitindo que a comunidade exponha suas preocupa\u00e7\u00f5es, compartilhe experi\u00eancias e cobre a\u00e7\u00f5es concretas do poder p\u00fablico. Em um tema t\u00e3o sens\u00edvel quanto a viol\u00eancia contra a mulher, a discuss\u00e3o aberta \u00e9 essencial para a formula\u00e7\u00e3o de pol\u00edticas p\u00fablicas mais efetivas e para a conscientiza\u00e7\u00e3o da sociedade sobre a import\u00e2ncia da den\u00fancia e do acolhimento \u00e0s v\u00edtimas.<\/p>\n<p class=\"ds-markdown-paragraph\">A popula\u00e7\u00e3o, entidades de classe, representantes de \u00f3rg\u00e3os de seguran\u00e7a, da sa\u00fade e da assist\u00eancia social est\u00e3o todos convidados a comparecer e dar sua contribui\u00e7\u00e3o. A participa\u00e7\u00e3o de todos \u00e9 fundamental para fortalecer a rede de prote\u00e7\u00e3o \u00e0s mulheres em Tr\u00eas Lagoas.<\/p>\n<p class=\"ds-markdown-paragraph\"><strong>Servi\u00e7o:<\/strong><\/p>\n<ul>\n<li>\n<p class=\"ds-markdown-paragraph\"><strong>O qu\u00ea:<\/strong>\u00a0Audi\u00eancia P\u00fablica sobre Viol\u00eancia Contra a Mulher<\/p>\n<\/li>\n<li>\n<p class=\"ds-markdown-paragraph\"><strong>Quando:<\/strong>\u00a0Quinta-feira, 12 de mar\u00e7o, \u00e0s 18h30<\/p>\n<\/li>\n<li>\n<p class=\"ds-markdown-paragraph\"><strong>Onde:<\/strong>\u00a0Plen\u00e1rio da C\u00e2mara Municipal \u2013 Rua Sunao Miura, 71, Santos Dumont<\/p>\n<\/li>\n<li>\n<p class=\"ds-markdown-paragraph\"><strong>Propositura:<\/strong>\u00a0Vereador Fernando Jurado<\/p>\n<\/li>\n<li>\n<p class=\"ds-markdown-paragraph\"><strong>Entrada:<\/strong>\u00a0Gratuita e aberta ao p\u00fablico<\/p>\n<\/li>\n<\/ul>\n<\/div>\n<\/div>\n<div class=\"ds-theme\"><\/div>\n<div class=\"ds-flex _0a3d93b\">\n<div class=\"ds-flex _965abe9 _54866f7\">\n<div class=\"db183363 ds-icon-button ds-icon-button--m ds-icon-button--sizing-container\" tabindex=\"0\" role=\"button\" aria-disabled=\"false\"><\/div>\n<\/div>\n<\/div>\n","protected":false},"excerpt":{"rendered":"<p>A luta pelo fim da viol\u00eancia contra a mulher ganha mais um importante espa\u00e7o de discuss\u00e3o em Tr\u00eas Lagoas. Na noite desta quinta-feira, dia\u00a012 de mar\u00e7o, \u00e0s\u00a018h30, a C\u00e2mara Municipal ser\u00e1 palco de uma\u00a0Audi\u00eancia P\u00fablica\u00a0para debater o tema, uma propositura do\u00a0Vereador Fernando Jurado. O evento, que tem como objetivo reunir poder p\u00fablico, especialistas e a [&hellip;]<\/p>\n","protected":false},"author":5,"featured_media":44414,"comment_status":"open","ping_status":"open","sticky":false,"template":"","format":"standard","meta":{"om_disable_all_campaigns":false,"_monsterinsights_skip_tracking":false,"_monsterinsights_sitenote_active":false,"_monsterinsights_sitenote_note":"","_monsterinsights_sitenote_category":0,"footnotes":""},"categories":[30,266,193,48],"tags":[],"aioseo_notices":[],"_links":{"self":[{"href":"https:\/\/expressaoms.com.br\/index.php\/wp-json\/wp\/v2\/posts\/44413"}],"collection":[{"href":"https:\/\/expressaoms.com.br\/index.php\/wp-json\/wp\/v2\/posts"}],"about":[{"href":"https:\/\/expressaoms.com.br\/index.php\/wp-json\/wp\/v2\/types\/post"}],"author":[{"embeddable":true,"href":"https:\/\/expressaoms.com.br\/index.php\/wp-json\/wp\/v2\/users\/5"}],"replies":[{"embeddable":true,"href":"https:\/\/expressaoms.com.br\/index.php\/wp-json\/wp\/v2\/comments?post=44413"}],"version-history":[{"count":1,"href":"https:\/\/expressaoms.com.br\/index.php\/wp-json\/wp\/v2\/posts\/44413\/revisions"}],"predecessor-version":[{"id":44415,"href":"https:\/\/expressaoms.com.br\/index.php\/wp-json\/wp\/v2\/posts\/44413\/revisions\/44415"}],"wp:featuredmedia":[{"embeddable":true,"href":"https:\/\/expressaoms.com.br\/index.php\/wp-json\/wp\/v2\/media\/44414"}],"wp:attachment":[{"href":"https:\/\/expressaoms.com.br\/index.php\/wp-json\/wp\/v2\/media?parent=44413"}],"wp:term":[{"taxonomy":"category","embeddable":true,"href":"https:\/\/expressaoms.com.br\/index.php\/wp-json\/wp\/v2\/categories?post=44413"},{"taxonomy":"post_tag","embeddable":true,"href":"https:\/\/expressaoms.com.br\/index.php\/wp-json\/wp\/v2\/tags?post=44413"}],"curies":[{"name":"wp","href":"https:\/\/api.w.org\/{rel}","templated":true}]}}