{"id":44416,"date":"2026-03-12T13:55:04","date_gmt":"2026-03-12T17:55:04","guid":{"rendered":"https:\/\/expressaoms.com.br\/?p=44416"},"modified":"2026-03-19T08:02:16","modified_gmt":"2026-03-19T12:02:16","slug":"governo-de-ms-abre-inscricoes-para-programa-de-estagio-e-aems-firma-convenio-para-participacao-dos-estudantes","status":"publish","type":"post","link":"https:\/\/expressaoms.com.br\/index.php\/2026\/03\/12\/governo-de-ms-abre-inscricoes-para-programa-de-estagio-e-aems-firma-convenio-para-participacao-dos-estudantes\/","title":{"rendered":"Governo de MS abre inscri\u00e7\u00f5es para programa de est\u00e1gio e AEMS firma conv\u00eanio para participa\u00e7\u00e3o dos estudantes"},"content":{"rendered":"<p>O Governo de Mato Grosso do Sul publicou o edital do Programa de Est\u00e1gio MS Multiplica, iniciativa voltada a estudantes universit\u00e1rios interessados em atuar em \u00f3rg\u00e3os da Administra\u00e7\u00e3o P\u00fablica Estadual e contribuir com projetos de inova\u00e7\u00e3o, sustentabilidade e governan\u00e7a (ESG).<\/p>\n<p>A Faculdade AEMS firmou conv\u00eanio com o Governo do Estado, possibilitando que estudantes da institui\u00e7\u00e3o participem do processo seletivo e concorram \u00e0s vagas do programa.<\/p>\n<p>As inscri\u00e7\u00f5es s\u00e3o gratuitas e poder\u00e3o ser realizadas de 13 a 23 de mar\u00e7o de 2026, exclusivamente pela internet, pelo site:<br \/>\nhttps:\/\/www.pseg.ms.gov.br<\/p>\n<p>Podem participar estudantes matriculados nos dois \u00faltimos anos de cursos de gradua\u00e7\u00e3o de institui\u00e7\u00f5es de ensino superior que aderiram ao programa. O processo seletivo formar\u00e1 cadastro de reserva, com convoca\u00e7\u00f5es conforme a necessidade dos \u00f3rg\u00e3os do Poder Executivo estadual.<\/p>\n<p>Benef\u00edcios do est\u00e1gio:<br \/>\nBolsa mensal equivalente a 1 sal\u00e1rio m\u00ednimo<br \/>\nAux\u00edlio-transporte<br \/>\nSeguro contra acidentes pessoais<br \/>\nCarga hor\u00e1ria de 25 horas semanais (5 horas por dia)<\/p>\n<p>Al\u00e9m da experi\u00eancia pr\u00e1tica nos \u00f3rg\u00e3os estaduais, os estagi\u00e1rios participar\u00e3o de forma\u00e7\u00e3o continuada, com conte\u00fados sobre Administra\u00e7\u00e3o P\u00fablica, \u00e9tica, governan\u00e7a, sustentabilidade e ESG, promovida pela Escola de Governo de Mato Grosso do Sul.<\/p>\n<p>Outro diferencial do programa \u00e9 o desenvolvimento de projetos estrat\u00e9gicos coletivos voltados \u00e0 inova\u00e7\u00e3o, governan\u00e7a e sustentabilidade, com acompanhamento de mentores.<\/p>\n<p>Cronograma:<br \/>\n\u2022 Publica\u00e7\u00e3o do edital: 10\/03\/2026<br \/>\n\u2022 Inscri\u00e7\u00f5es: 13 a 23\/03\/2026<br \/>\n\u2022 Resultado final: 18\/05\/2026<br \/>\n\u2022 In\u00edcio previsto dos est\u00e1gios: a partir de 01\/06\/2026<br \/>\nO edital completo est\u00e1 dispon\u00edvel no Di\u00e1rio Oficial n. 12.095:<br \/>\nhttps:\/\/www.diariooficial.ms.gov.br\/<\/p>\n","protected":false},"excerpt":{"rendered":"<p>O Governo de Mato Grosso do Sul publicou o edital do Programa de Est\u00e1gio MS Multiplica, iniciativa voltada a estudantes universit\u00e1rios interessados em atuar em \u00f3rg\u00e3os da Administra\u00e7\u00e3o P\u00fablica Estadual e contribuir com projetos de inova\u00e7\u00e3o, sustentabilidade e governan\u00e7a (ESG). A Faculdade AEMS firmou conv\u00eanio com o Governo do Estado, possibilitando que estudantes da institui\u00e7\u00e3o [&hellip;]<\/p>\n","protected":false},"author":5,"featured_media":44417,"comment_status":"open","ping_status":"open","sticky":false,"template":"","format":"standard","meta":{"om_disable_all_campaigns":false,"_monsterinsights_skip_tracking":false,"_monsterinsights_sitenote_active":false,"_monsterinsights_sitenote_note":"","_monsterinsights_sitenote_category":0,"footnotes":""},"categories":[30,32,266,193,48],"tags":[],"aioseo_notices":[],"_links":{"self":[{"href":"https:\/\/expressaoms.com.br\/index.php\/wp-json\/wp\/v2\/posts\/44416"}],"collection":[{"href":"https:\/\/expressaoms.com.br\/index.php\/wp-json\/wp\/v2\/posts"}],"about":[{"href":"https:\/\/expressaoms.com.br\/index.php\/wp-json\/wp\/v2\/types\/post"}],"author":[{"embeddable":true,"href":"https:\/\/expressaoms.com.br\/index.php\/wp-json\/wp\/v2\/users\/5"}],"replies":[{"embeddable":true,"href":"https:\/\/expressaoms.com.br\/index.php\/wp-json\/wp\/v2\/comments?post=44416"}],"version-history":[{"count":2,"href":"https:\/\/expressaoms.com.br\/index.php\/wp-json\/wp\/v2\/posts\/44416\/revisions"}],"predecessor-version":[{"id":44634,"href":"https:\/\/expressaoms.com.br\/index.php\/wp-json\/wp\/v2\/posts\/44416\/revisions\/44634"}],"wp:featuredmedia":[{"embeddable":true,"href":"https:\/\/expressaoms.com.br\/index.php\/wp-json\/wp\/v2\/media\/44417"}],"wp:attachment":[{"href":"https:\/\/expressaoms.com.br\/index.php\/wp-json\/wp\/v2\/media?parent=44416"}],"wp:term":[{"taxonomy":"category","embeddable":true,"href":"https:\/\/expressaoms.com.br\/index.php\/wp-json\/wp\/v2\/categories?post=44416"},{"taxonomy":"post_tag","embeddable":true,"href":"https:\/\/expressaoms.com.br\/index.php\/wp-json\/wp\/v2\/tags?post=44416"}],"curies":[{"name":"wp","href":"https:\/\/api.w.org\/{rel}","templated":true}]}}