{"id":44425,"date":"2026-03-12T15:42:51","date_gmt":"2026-03-12T19:42:51","guid":{"rendered":"https:\/\/expressaoms.com.br\/?p=44425"},"modified":"2026-03-12T15:42:51","modified_gmt":"2026-03-12T19:42:51","slug":"nota-de-falecimento-morre-almiro-veloso-o-nene-veloso-aos-64-anos","status":"publish","type":"post","link":"https:\/\/expressaoms.com.br\/index.php\/2026\/03\/12\/nota-de-falecimento-morre-almiro-veloso-o-nene-veloso-aos-64-anos\/","title":{"rendered":"Nota de Falecimento: Morre Almiro Veloso, o Nen\u00ea Veloso, aos 64 anos"},"content":{"rendered":"<p class=\"ds-markdown-paragraph\">\u00c9 com profundo pesar que comunicamos o falecimento de Almiro Veloso, carinhosamente conhecido como Nen\u00ea Veloso, aos 64 anos de idade. A not\u00edcia abalou amigos, familiares e colegas de trabalho, especialmente aqueles que conviveram com ele no Grupo Difusora de Comunica\u00e7\u00e3o, onde Nen\u00ea Veloso fazia parte da equipe e era muito querido por todos.<\/p>\n<p class=\"ds-markdown-paragraph\">Nen\u00ea passou mal na tarde desta quinta-feira (12) ap\u00f3s sofrer um mal s\u00fabito em sua pr\u00f3pria resid\u00eancia. Imediatamente, uma equipe do Servi\u00e7o de Atendimento M\u00f3vel de Urg\u00eancia (SAMU) foi acionada e chegou ao local para prestar os primeiros socorros.<\/p>\n<p class=\"ds-markdown-paragraph\">Os profissionais de sa\u00fade realizaram cerca de 30 minutos de manobras de reanima\u00e7\u00e3o com massagem card\u00edaca na tentativa de salvar a vida do comunicador. Infelizmente, apesar de todos os esfor\u00e7os da equipe m\u00e9dica, o \u00f3bito foi confirmado \u00e0s 13h45.<\/p>\n<p class=\"ds-markdown-paragraph\">At\u00e9 o momento, a fam\u00edlia de Almiro Veloso n\u00e3o divulgou informa\u00e7\u00f5es sobre vel\u00f3rio e sepultamento. Novos detalhes sobre as cerim\u00f4nias f\u00fanebres dever\u00e3o ser anunciados posteriormente pelos familiares.<\/p>\n<p class=\"ds-markdown-paragraph\">Espress\u00e3o MS se solidariza com familiares e amigos neste momento de dor e saudades, estendendo suas condol\u00eancias a todos que tiveram o privil\u00e9gio de conviver com Nen\u00ea Veloso e sentir seu carinho e profissionalismo ao longo de sua trajet\u00f3ria.<\/p>\n","protected":false},"excerpt":{"rendered":"<p>\u00c9 com profundo pesar que comunicamos o falecimento de Almiro Veloso, carinhosamente conhecido como Nen\u00ea Veloso, aos 64 anos de idade. A not\u00edcia abalou amigos, familiares e colegas de trabalho, especialmente aqueles que conviveram com ele no Grupo Difusora de Comunica\u00e7\u00e3o, onde Nen\u00ea Veloso fazia parte da equipe e era muito querido por todos. Nen\u00ea [&hellip;]<\/p>\n","protected":false},"author":5,"featured_media":44426,"comment_status":"open","ping_status":"open","sticky":false,"template":"","format":"standard","meta":{"om_disable_all_campaigns":false,"_monsterinsights_skip_tracking":false,"_monsterinsights_sitenote_active":false,"_monsterinsights_sitenote_note":"","_monsterinsights_sitenote_category":0,"footnotes":""},"categories":[30,36,266,193,48],"tags":[],"aioseo_notices":[],"_links":{"self":[{"href":"https:\/\/expressaoms.com.br\/index.php\/wp-json\/wp\/v2\/posts\/44425"}],"collection":[{"href":"https:\/\/expressaoms.com.br\/index.php\/wp-json\/wp\/v2\/posts"}],"about":[{"href":"https:\/\/expressaoms.com.br\/index.php\/wp-json\/wp\/v2\/types\/post"}],"author":[{"embeddable":true,"href":"https:\/\/expressaoms.com.br\/index.php\/wp-json\/wp\/v2\/users\/5"}],"replies":[{"embeddable":true,"href":"https:\/\/expressaoms.com.br\/index.php\/wp-json\/wp\/v2\/comments?post=44425"}],"version-history":[{"count":1,"href":"https:\/\/expressaoms.com.br\/index.php\/wp-json\/wp\/v2\/posts\/44425\/revisions"}],"predecessor-version":[{"id":44427,"href":"https:\/\/expressaoms.com.br\/index.php\/wp-json\/wp\/v2\/posts\/44425\/revisions\/44427"}],"wp:featuredmedia":[{"embeddable":true,"href":"https:\/\/expressaoms.com.br\/index.php\/wp-json\/wp\/v2\/media\/44426"}],"wp:attachment":[{"href":"https:\/\/expressaoms.com.br\/index.php\/wp-json\/wp\/v2\/media?parent=44425"}],"wp:term":[{"taxonomy":"category","embeddable":true,"href":"https:\/\/expressaoms.com.br\/index.php\/wp-json\/wp\/v2\/categories?post=44425"},{"taxonomy":"post_tag","embeddable":true,"href":"https:\/\/expressaoms.com.br\/index.php\/wp-json\/wp\/v2\/tags?post=44425"}],"curies":[{"name":"wp","href":"https:\/\/api.w.org\/{rel}","templated":true}]}}