{"id":44432,"date":"2026-03-13T08:14:24","date_gmt":"2026-03-13T12:14:24","guid":{"rendered":"https:\/\/expressaoms.com.br\/?p=44432"},"modified":"2026-03-13T08:15:04","modified_gmt":"2026-03-13T12:15:04","slug":"grave-acidente-na-br-262-deixa-duas-vitimas-graves-e-interdita-rodovia-em-ribas-do-rio-pardo","status":"publish","type":"post","link":"https:\/\/expressaoms.com.br\/index.php\/2026\/03\/13\/grave-acidente-na-br-262-deixa-duas-vitimas-graves-e-interdita-rodovia-em-ribas-do-rio-pardo\/","title":{"rendered":"Grave acidente na BR-262 deixa duas v\u00edtimas graves e interdita rodovia em Ribas do Rio Pardo"},"content":{"rendered":"<p class=\"ds-markdown-paragraph\">Um grave acidente envolvendo duas carretas interdita totalmente a BR-262 na manh\u00e3 desta sexta-feira (13), no km 160, em Ribas do Rio Pardo. A colis\u00e3o frontal ocorreu por volta das 7h e deixou duas v\u00edtimas em estado grave, conforme informa\u00e7\u00f5es da Pol\u00edcia Rodovi\u00e1ria Federal (PRF), que j\u00e1 est\u00e1 no local atendendo a ocorr\u00eancia.<\/p>\n<p class=\"ds-markdown-paragraph\">De acordo com os primeiros levantamentos, os dois ve\u00edculos de carga colidiram frontalmente, bloqueando completamente ambos os sentidos da rodovia. Equipes do Corpo de Bombeiros foram acionadas e est\u00e3o em deslocamento para o local do sinistro. Enquanto isso, uma ambul\u00e2ncia do hospital de \u00c1gua Clara j\u00e1 prestou os primeiros atendimentos \u00e0s v\u00edtimas.<\/p>\n<p class=\"ds-markdown-paragraph\">A PRF informa que ainda n\u00e3o h\u00e1 previs\u00e3o para libera\u00e7\u00e3o da pista, e recomenda que os motoristas evitem o trecho ou busquem rotas alternativas. O fluxo de ve\u00edculos est\u00e1 completamente parado nos dois sentidos, e a orienta\u00e7\u00e3o das autoridades \u00e9 para que os condutores redobrem a aten\u00e7\u00e3o nas proximidades da \u00e1rea sinistrada.<\/p>\n<p class=\"ds-markdown-paragraph\">Mais informa\u00e7\u00f5es sobre o estado de sa\u00fade das v\u00edtimas e as causas do acidente devem ser divulgadas ao longo do dia pelas autoridades competentes.<\/p>\n","protected":false},"excerpt":{"rendered":"<p>Um grave acidente envolvendo duas carretas interdita totalmente a BR-262 na manh\u00e3 desta sexta-feira (13), no km 160, em Ribas do Rio Pardo. A colis\u00e3o frontal ocorreu por volta das 7h e deixou duas v\u00edtimas em estado grave, conforme informa\u00e7\u00f5es da Pol\u00edcia Rodovi\u00e1ria Federal (PRF), que j\u00e1 est\u00e1 no local atendendo a ocorr\u00eancia. De acordo [&hellip;]<\/p>\n","protected":false},"author":5,"featured_media":44433,"comment_status":"open","ping_status":"open","sticky":false,"template":"","format":"standard","meta":{"om_disable_all_campaigns":false,"_monsterinsights_skip_tracking":false,"_monsterinsights_sitenote_active":false,"_monsterinsights_sitenote_note":"","_monsterinsights_sitenote_category":0,"footnotes":""},"categories":[30,266,41,193,43],"tags":[],"aioseo_notices":[],"_links":{"self":[{"href":"https:\/\/expressaoms.com.br\/index.php\/wp-json\/wp\/v2\/posts\/44432"}],"collection":[{"href":"https:\/\/expressaoms.com.br\/index.php\/wp-json\/wp\/v2\/posts"}],"about":[{"href":"https:\/\/expressaoms.com.br\/index.php\/wp-json\/wp\/v2\/types\/post"}],"author":[{"embeddable":true,"href":"https:\/\/expressaoms.com.br\/index.php\/wp-json\/wp\/v2\/users\/5"}],"replies":[{"embeddable":true,"href":"https:\/\/expressaoms.com.br\/index.php\/wp-json\/wp\/v2\/comments?post=44432"}],"version-history":[{"count":2,"href":"https:\/\/expressaoms.com.br\/index.php\/wp-json\/wp\/v2\/posts\/44432\/revisions"}],"predecessor-version":[{"id":44435,"href":"https:\/\/expressaoms.com.br\/index.php\/wp-json\/wp\/v2\/posts\/44432\/revisions\/44435"}],"wp:featuredmedia":[{"embeddable":true,"href":"https:\/\/expressaoms.com.br\/index.php\/wp-json\/wp\/v2\/media\/44433"}],"wp:attachment":[{"href":"https:\/\/expressaoms.com.br\/index.php\/wp-json\/wp\/v2\/media?parent=44432"}],"wp:term":[{"taxonomy":"category","embeddable":true,"href":"https:\/\/expressaoms.com.br\/index.php\/wp-json\/wp\/v2\/categories?post=44432"},{"taxonomy":"post_tag","embeddable":true,"href":"https:\/\/expressaoms.com.br\/index.php\/wp-json\/wp\/v2\/tags?post=44432"}],"curies":[{"name":"wp","href":"https:\/\/api.w.org\/{rel}","templated":true}]}}