{"id":44440,"date":"2026-03-13T09:04:32","date_gmt":"2026-03-13T13:04:32","guid":{"rendered":"https:\/\/expressaoms.com.br\/?p=44440"},"modified":"2026-03-13T09:04:32","modified_gmt":"2026-03-13T13:04:32","slug":"governo-de-ms-sanciona-lei-de-combate-ao-racismo-religioso-contra-comunidades-negras-e-indigenas","status":"publish","type":"post","link":"https:\/\/expressaoms.com.br\/index.php\/2026\/03\/13\/governo-de-ms-sanciona-lei-de-combate-ao-racismo-religioso-contra-comunidades-negras-e-indigenas\/","title":{"rendered":"Governo de MS sanciona lei de combate ao racismo religioso contra comunidades negras e ind\u00edgenas"},"content":{"rendered":"<p class=\"ds-markdown-paragraph\">\u00a0O Governo de Mato Grosso do Sul sancionou, nesta quinta-feira (12), a lei n\u00ba 6.556\/2026, que institui a\u00e7\u00f5es de combate ao racismo religioso contra comunidades negras e ind\u00edgenas no Estado. A nova norma busca promover a liberdade religiosa, a laicidade do Estado e o respeito aos direitos humanos, al\u00e9m de garantir o livre exerc\u00edcio dos cultos religiosos e a prote\u00e7\u00e3o de locais de culto e rituais.<\/p>\n<p class=\"ds-markdown-paragraph\">A legisla\u00e7\u00e3o prev\u00ea iniciativas para ampliar a conscientiza\u00e7\u00e3o sobre a liberdade de consci\u00eancia e de cren\u00e7a, bem como a\u00e7\u00f5es de orienta\u00e7\u00e3o e enfrentamento \u00e0 intoler\u00e2ncia religiosa e \u00e0 estigmatiza\u00e7\u00e3o de religi\u00f5es de matriz africana, afro-brasileiras, povos de terreiro e cosmovis\u00f5es ind\u00edgenas.<\/p>\n<h2>O que \u00e9 racismo religioso<\/h2>\n<p class=\"ds-markdown-paragraph\">De acordo com a lei, o racismo religioso \u00e9 caracterizado como qualquer ato praticado por indiv\u00edduo que leve \u00e0 discrimina\u00e7\u00e3o das comunidades negras ou ind\u00edgenas ou que restrinja direitos coletivos ou individuais devido \u00e0 pr\u00e1tica de religi\u00f5es de matriz africana ou espiritualidade e cosmologias ind\u00edgenas.<\/p>\n<p class=\"ds-markdown-paragraph\">A norma tamb\u00e9m prev\u00ea a\u00e7\u00f5es para prevenir e combater a viol\u00eancia contra praticantes, s\u00edmbolos, adornos, vestimentas e locais de culto, estabelecendo mecanismos de prote\u00e7\u00e3o e preserva\u00e7\u00e3o desses espa\u00e7os e express\u00f5es culturais e religiosas.<\/p>\n<p class=\"ds-markdown-paragraph\">A legisla\u00e7\u00e3o assegura aos praticantes dessas religi\u00f5es uma s\u00e9rie de direitos, incluindo:<\/p>\n<ul>\n<li>\n<p class=\"ds-markdown-paragraph\">Tratamento digno e respeitoso em todas as esferas da sociedade;<\/p>\n<\/li>\n<li>\n<p class=\"ds-markdown-paragraph\">Liberdade para usar vestimentas e adornos religiosos em espa\u00e7os p\u00fablicos e privados, abertos ou fechados;<\/p>\n<\/li>\n<li>\n<p class=\"ds-markdown-paragraph\">Direito de utilizar trajes e s\u00edmbolos religiosos em eventos solenes;<\/p>\n<\/li>\n<li>\n<p class=\"ds-markdown-paragraph\">Garantia de acesso a entidades civis e militares de interna\u00e7\u00e3o coletiva, p\u00fablicas ou privadas, com respeito \u00e0s suas pr\u00e1ticas religiosas;<\/p>\n<\/li>\n<li>\n<p class=\"ds-markdown-paragraph\">Permiss\u00e3o para a pr\u00e1tica e celebra\u00e7\u00e3o de rituais em espa\u00e7os p\u00fablicos ou privados, desde que respeitadas as mesmas regras aplicadas a outras religi\u00f5es ou a reuni\u00f5es de car\u00e1ter n\u00e3o religioso.<\/p>\n<\/li>\n<\/ul>\n<p class=\"ds-markdown-paragraph\">A san\u00e7\u00e3o da lei representa um avan\u00e7o significativo na prote\u00e7\u00e3o das comunidades tradicionais e no combate \u00e0 intoler\u00e2ncia religiosa em Mato Grosso do Sul. O Estado, que abriga diversas etnias ind\u00edgenas e forte presen\u00e7a de religi\u00f5es de matriz africana, passa a contar com um marco legal espec\u00edfico para coibir discrimina\u00e7\u00f5es e garantir a liberdade de cren\u00e7a.<\/p>\n<p class=\"ds-markdown-paragraph\">A medida tamb\u00e9m refor\u00e7a o compromisso do poder p\u00fablico com a preserva\u00e7\u00e3o da diversidade cultural e religiosa, alinhando-se aos princ\u00edpios constitucionais de liberdade religiosa e direitos humanos. A lei entra em vigor na data de sua publica\u00e7\u00e3o, cabendo aos \u00f3rg\u00e3os competentes a implementa\u00e7\u00e3o das a\u00e7\u00f5es e pol\u00edticas p\u00fablicas previstas.<\/p>\n","protected":false},"excerpt":{"rendered":"<p>\u00a0O Governo de Mato Grosso do Sul sancionou, nesta quinta-feira (12), a lei n\u00ba 6.556\/2026, que institui a\u00e7\u00f5es de combate ao racismo religioso contra comunidades negras e ind\u00edgenas no Estado. A nova norma busca promover a liberdade religiosa, a laicidade do Estado e o respeito aos direitos humanos, al\u00e9m de garantir o livre exerc\u00edcio dos [&hellip;]<\/p>\n","protected":false},"author":5,"featured_media":44441,"comment_status":"open","ping_status":"open","sticky":false,"template":"","format":"standard","meta":{"om_disable_all_campaigns":false,"_monsterinsights_skip_tracking":false,"_monsterinsights_sitenote_active":false,"_monsterinsights_sitenote_note":"","_monsterinsights_sitenote_category":0,"footnotes":""},"categories":[30,37,266,193],"tags":[],"aioseo_notices":[],"_links":{"self":[{"href":"https:\/\/expressaoms.com.br\/index.php\/wp-json\/wp\/v2\/posts\/44440"}],"collection":[{"href":"https:\/\/expressaoms.com.br\/index.php\/wp-json\/wp\/v2\/posts"}],"about":[{"href":"https:\/\/expressaoms.com.br\/index.php\/wp-json\/wp\/v2\/types\/post"}],"author":[{"embeddable":true,"href":"https:\/\/expressaoms.com.br\/index.php\/wp-json\/wp\/v2\/users\/5"}],"replies":[{"embeddable":true,"href":"https:\/\/expressaoms.com.br\/index.php\/wp-json\/wp\/v2\/comments?post=44440"}],"version-history":[{"count":1,"href":"https:\/\/expressaoms.com.br\/index.php\/wp-json\/wp\/v2\/posts\/44440\/revisions"}],"predecessor-version":[{"id":44442,"href":"https:\/\/expressaoms.com.br\/index.php\/wp-json\/wp\/v2\/posts\/44440\/revisions\/44442"}],"wp:featuredmedia":[{"embeddable":true,"href":"https:\/\/expressaoms.com.br\/index.php\/wp-json\/wp\/v2\/media\/44441"}],"wp:attachment":[{"href":"https:\/\/expressaoms.com.br\/index.php\/wp-json\/wp\/v2\/media?parent=44440"}],"wp:term":[{"taxonomy":"category","embeddable":true,"href":"https:\/\/expressaoms.com.br\/index.php\/wp-json\/wp\/v2\/categories?post=44440"},{"taxonomy":"post_tag","embeddable":true,"href":"https:\/\/expressaoms.com.br\/index.php\/wp-json\/wp\/v2\/tags?post=44440"}],"curies":[{"name":"wp","href":"https:\/\/api.w.org\/{rel}","templated":true}]}}