{"id":44458,"date":"2026-03-13T13:51:56","date_gmt":"2026-03-13T17:51:56","guid":{"rendered":"https:\/\/expressaoms.com.br\/?p=44458"},"modified":"2026-03-13T13:51:56","modified_gmt":"2026-03-13T17:51:56","slug":"supremo-forma-maioria-e-mantem-prisao-preventiva-de-daniel-vorcaro","status":"publish","type":"post","link":"https:\/\/expressaoms.com.br\/index.php\/2026\/03\/13\/supremo-forma-maioria-e-mantem-prisao-preventiva-de-daniel-vorcaro\/","title":{"rendered":"Supremo forma maioria e mant\u00e9m pris\u00e3o preventiva de Daniel Vorcaro"},"content":{"rendered":"<p>Os ministros do Supremo Tribunal Federal Andr\u00e9 Mendon\u00e7a, Luiz Fux e Nunes Marques formaram maioria nesta sexta-feira (13) para manter a pris\u00e3o preventiva do banqueiro Daniel Vorcaro, dono do Banco Master, institui\u00e7\u00e3o que foi liquidada pelo Banco Central por falta de dinheiro em caixa para honrar seus compromissos.<\/p>\n<p>A partir das 11h desta sexta, a Segunda Turma do Supremo come\u00e7ou a votar se mant\u00e9m a pris\u00e3o de Vorcaro, em sess\u00e3o virtual. Resta apenas o voto do ministro Gilmar Mendes, que t\u00eam at\u00e9 a pr\u00f3xima sexta (20) para votar.<\/p>\n<p>Preso na terceira fase da Opera\u00e7\u00e3o Compliance Zero em 4 de mar\u00e7o, Vorcaro foi transferido para a Penitenci\u00e1ria Federal de Bras\u00edlia.<\/p>\n<p>Mendon\u00e7a, atual relator do caso no Supremo, autorizou a medida ap\u00f3s receber da Pol\u00edcia Federal ind\u00edcios de que Vorcaro mantinha uma estrutura particular para monitoramento e intimida\u00e7\u00e3o de pessoas que via como inimigas de seus interesses.<\/p>\n<p>O ministro Dias Toffoli, que tamb\u00e9m integra a Segunda Turma e foi o primeiro relator do caso no Supremo, declarou-se suspeito para julgar os processos relativos ao banco, por motivo de foro \u00edntimo.<\/p>\n<p>O movimento de Toffoli se deu em raz\u00e3o de pol\u00eamicas oriundas de neg\u00f3cios passados de uma empresa de sua fam\u00edlia e um fundo ligado ao Master. Decis\u00f5es controversas no caso tamb\u00e9m desgastaram o ministro na condu\u00e7\u00e3o do processo.<\/p>\n<p>A PF chegou a produzir um relat\u00f3rio sobre os pontos de contato entre Toffoli e Vorcaro, mas o documento acabou sendo descartado pelo Supremo, que viu nele um movimento ilegal de investiga\u00e7\u00e3o de um ministro do Supremo sem autoriza\u00e7\u00e3o judicial.<\/p>\n<h2>Voto<\/h2>\n<p>Em seu voto, Mendon\u00e7a n\u00e3o se ateve apenas a reproduzir a liminar em que autorizou a pris\u00e3o de Vorcaro, mas tamb\u00e9m buscou rebater argumento apresentados pela defesa do banqueiro ap\u00f3s a medida.<\/p>\n<p>O relator afastou, por exemplo, o argumento de que um grupo no aplicativo de mensagens WhatsApp de Vorcaro, chamado A Turma, fosse apenas um \u201cmero grupo\u201d do qual o banqueiro fazia parte.<\/p>\n<p>\u201cTrata-se, sim, de organiza\u00e7\u00e3o composta por conjunto de indiv\u00edduos coordenados pelos investigados Phillipe Mour\u00e3o (agora falecido) e Marilson Roseno, sob a lideran\u00e7a e comando inequ\u00edvoco de Daniel Bueno Vorcaro, respons\u00e1vel por dar ordens diretas ao grupo\u201d, escreveu o ministro.<\/p>\n<p>Mendon\u00e7a destacou ainda a \u201cnatureza violenta\u201d dos integrantes do grupo, apontando para ind\u00edcios colhidos pela PF de amea\u00e7as concretas a indiv\u00edduos.<\/p>\n<p>O ministro classificou os integrantes de A Turma como \u201cmilicianos\u201d e deu como exemplo uma amea\u00e7a de morte feita a um ex-funcion\u00e1rio de Vorcaro.<\/p>\n<p>Na mesma decis\u00e3o em que mandou prender Vorcaro, Mendon\u00e7a tamb\u00e9m determinou a pris\u00e3o de Phillipe Mour\u00e3o, conhecido como Sic\u00e1rio, e Marilson Roseno, apontados como coordenadores da mil\u00edcia pessoal do banqueiro.<\/p>\n<p>Mour\u00e3o atentou contra a pr\u00f3pria vida pouco ap\u00f3s ser preso. Ele foi atendido e levado para um hospital, mas n\u00e3o resistiu.<\/p>\n","protected":false},"excerpt":{"rendered":"<p>Os ministros do Supremo Tribunal Federal Andr\u00e9 Mendon\u00e7a, Luiz Fux e Nunes Marques formaram maioria nesta sexta-feira (13) para manter a pris\u00e3o preventiva do banqueiro Daniel Vorcaro, dono do Banco Master, institui\u00e7\u00e3o que foi liquidada pelo Banco Central por falta de dinheiro em caixa para honrar seus compromissos. A partir das 11h desta sexta, a [&hellip;]<\/p>\n","protected":false},"author":3,"featured_media":44462,"comment_status":"open","ping_status":"open","sticky":false,"template":"","format":"standard","meta":{"om_disable_all_campaigns":false,"_monsterinsights_skip_tracking":false,"_monsterinsights_sitenote_active":false,"_monsterinsights_sitenote_note":"","_monsterinsights_sitenote_category":0,"footnotes":""},"categories":[246,42],"tags":[],"aioseo_notices":[],"_links":{"self":[{"href":"https:\/\/expressaoms.com.br\/index.php\/wp-json\/wp\/v2\/posts\/44458"}],"collection":[{"href":"https:\/\/expressaoms.com.br\/index.php\/wp-json\/wp\/v2\/posts"}],"about":[{"href":"https:\/\/expressaoms.com.br\/index.php\/wp-json\/wp\/v2\/types\/post"}],"author":[{"embeddable":true,"href":"https:\/\/expressaoms.com.br\/index.php\/wp-json\/wp\/v2\/users\/3"}],"replies":[{"embeddable":true,"href":"https:\/\/expressaoms.com.br\/index.php\/wp-json\/wp\/v2\/comments?post=44458"}],"version-history":[{"count":1,"href":"https:\/\/expressaoms.com.br\/index.php\/wp-json\/wp\/v2\/posts\/44458\/revisions"}],"predecessor-version":[{"id":44463,"href":"https:\/\/expressaoms.com.br\/index.php\/wp-json\/wp\/v2\/posts\/44458\/revisions\/44463"}],"wp:featuredmedia":[{"embeddable":true,"href":"https:\/\/expressaoms.com.br\/index.php\/wp-json\/wp\/v2\/media\/44462"}],"wp:attachment":[{"href":"https:\/\/expressaoms.com.br\/index.php\/wp-json\/wp\/v2\/media?parent=44458"}],"wp:term":[{"taxonomy":"category","embeddable":true,"href":"https:\/\/expressaoms.com.br\/index.php\/wp-json\/wp\/v2\/categories?post=44458"},{"taxonomy":"post_tag","embeddable":true,"href":"https:\/\/expressaoms.com.br\/index.php\/wp-json\/wp\/v2\/tags?post=44458"}],"curies":[{"name":"wp","href":"https:\/\/api.w.org\/{rel}","templated":true}]}}