{"id":44464,"date":"2026-03-13T13:42:21","date_gmt":"2026-03-13T17:42:21","guid":{"rendered":"https:\/\/expressaoms.com.br\/?p=44464"},"modified":"2026-03-13T13:55:20","modified_gmt":"2026-03-13T17:55:20","slug":"bolsonaro-e-internado-em-uti-hospitalar-com-broncopneumonia-bilateral","status":"publish","type":"post","link":"https:\/\/expressaoms.com.br\/index.php\/2026\/03\/13\/bolsonaro-e-internado-em-uti-hospitalar-com-broncopneumonia-bilateral\/","title":{"rendered":"Bolsonaro \u00e9 internado em UTI hospitalar com broncopneumonia bilateral"},"content":{"rendered":"<p>O ex-presidente Jair Bolsonaro est\u00e1 internado na unidade de terapia intensiva (UTI) do Hospital DF Star, em Bras\u00edlia, com broncopneumonia bacteriana bilateral de prov\u00e1vel origem aspirativa.<\/p>\n<p>O ex-presidente Bolsonaro chegou \u00e0 unidade hospitalar privada socorrido por uma equipe do Servi\u00e7o de Atendimento M\u00f3vel de Urg\u00eancia (Samu), na manh\u00e3 desta sexta-feira (13) ap\u00f3s apresentar quadro de febre alta, queda da satura\u00e7\u00e3o de oxig\u00eanio, sudorese e calafrios.<\/p>\n<p>O boletim m\u00e9dico divulgado no in\u00edcio da tarde informa que o ex-presidente foi submetido a exames de imagens e laboratoriais que confirmaram o diagn\u00f3stico de broncopneumonia bilateral.<\/p>\n<p>No momento, o ex-presidente Bolsonaro est\u00e1 em tratamento com antibioticoterapia venosa e suporte cl\u00ednico n\u00e3o invasivo.<\/p>\n<p>A nota \u00e9 assinada pela equipe m\u00e9dica composta pelo cardiologista Dr. Brasil Caiado; o Coordenador da UTI Geral, Dr. Ant\u00f4nio Aur\u00e9lio de Paiva Fagundes J\u00fanior; e pelo diretor-geral do hospital, Dr. Allisson B. Barcelos Borges.<\/p>\n<p>Em decis\u00e3o divulgada pelo Supremo Tribunal Federal (STF) no in\u00edcio da tarde de hoje, o ministro Alexandre de Morais autorizou a presen\u00e7a da esposa do ex-presidente, Michelle Bolsonaro no hospital, como acompanhante.<\/p>\n<p>Moraes tamb\u00e9m autorizou os filhos Jair Renan, Fl\u00e1vio, Carlos, Laura, bem como a enteada, Let\u00edcia, a visitarem Jair Bolsonaro durante a interna\u00e7\u00e3o.<\/p>\n<h2>Not\u00edcia<\/h2>\n<p>Inicialmente, a informa\u00e7\u00e3o sobre a interna\u00e7\u00e3o de Jair Bolsonaro foi divulgada por um dos filhos do ex-presidente, o senador Fl\u00e1vio Bolsonaro (PL-RJ), em uma rede social, e confirmada pela Pol\u00edcia Militar do Distrito Federal.<\/p>\n<p>Ao deixar o hospital ap\u00f3s visitar o pai na unidade de terapia, o senador Fl\u00e1vio Bolsonaro comentou com jornalistas o estado de sa\u00fade do ex-presidente.<\/p>\n<p>&#8220;Conversei rapidamente com os m\u00e9dicos, disseram que dessa vez foi a pior vez que ele se internou aqui com rela\u00e7\u00e3o \u00e0 quantidade de l\u00edquido que tinha no pulm\u00e3o dele&#8221;, declarou o senador.<\/p>\n<p>Fl\u00e1vio Bolsonaro ainda criticou as condi\u00e7\u00f5es de encarceramento do ex-presidente na Papudinha que, segundo ele, poderiam piorar o quadro de sa\u00fade do ex-presidente.<\/p>\n<p>Ele apelou para que a Justi\u00e7a conceda a pris\u00e3o domiciliar humanit\u00e1ria ao preso, alegando que o ambiente prisional impede os cuidados necess\u00e1rios para as patologias do pai e que este poderia ser acompanhado permanentemente pela fam\u00edlia e por profissionais de enfermagem.<\/p>\n","protected":false},"excerpt":{"rendered":"<p>O ex-presidente Jair Bolsonaro est\u00e1 internado na unidade de terapia intensiva (UTI) do Hospital DF Star, em Bras\u00edlia, com broncopneumonia bacteriana bilateral de prov\u00e1vel origem aspirativa. O ex-presidente Bolsonaro chegou \u00e0 unidade hospitalar privada socorrido por uma equipe do Servi\u00e7o de Atendimento M\u00f3vel de Urg\u00eancia (Samu), na manh\u00e3 desta sexta-feira (13) ap\u00f3s apresentar quadro de [&hellip;]<\/p>\n","protected":false},"author":3,"featured_media":44465,"comment_status":"open","ping_status":"open","sticky":false,"template":"","format":"standard","meta":{"om_disable_all_campaigns":false,"_monsterinsights_skip_tracking":false,"_monsterinsights_sitenote_active":false,"_monsterinsights_sitenote_note":"","_monsterinsights_sitenote_category":0,"footnotes":""},"categories":[246,42],"tags":[],"aioseo_notices":[],"_links":{"self":[{"href":"https:\/\/expressaoms.com.br\/index.php\/wp-json\/wp\/v2\/posts\/44464"}],"collection":[{"href":"https:\/\/expressaoms.com.br\/index.php\/wp-json\/wp\/v2\/posts"}],"about":[{"href":"https:\/\/expressaoms.com.br\/index.php\/wp-json\/wp\/v2\/types\/post"}],"author":[{"embeddable":true,"href":"https:\/\/expressaoms.com.br\/index.php\/wp-json\/wp\/v2\/users\/3"}],"replies":[{"embeddable":true,"href":"https:\/\/expressaoms.com.br\/index.php\/wp-json\/wp\/v2\/comments?post=44464"}],"version-history":[{"count":1,"href":"https:\/\/expressaoms.com.br\/index.php\/wp-json\/wp\/v2\/posts\/44464\/revisions"}],"predecessor-version":[{"id":44466,"href":"https:\/\/expressaoms.com.br\/index.php\/wp-json\/wp\/v2\/posts\/44464\/revisions\/44466"}],"wp:featuredmedia":[{"embeddable":true,"href":"https:\/\/expressaoms.com.br\/index.php\/wp-json\/wp\/v2\/media\/44465"}],"wp:attachment":[{"href":"https:\/\/expressaoms.com.br\/index.php\/wp-json\/wp\/v2\/media?parent=44464"}],"wp:term":[{"taxonomy":"category","embeddable":true,"href":"https:\/\/expressaoms.com.br\/index.php\/wp-json\/wp\/v2\/categories?post=44464"},{"taxonomy":"post_tag","embeddable":true,"href":"https:\/\/expressaoms.com.br\/index.php\/wp-json\/wp\/v2\/tags?post=44464"}],"curies":[{"name":"wp","href":"https:\/\/api.w.org\/{rel}","templated":true}]}}