{"id":44468,"date":"2026-03-13T15:56:07","date_gmt":"2026-03-13T19:56:07","guid":{"rendered":"https:\/\/expressaoms.com.br\/?p=44468"},"modified":"2026-03-13T13:58:24","modified_gmt":"2026-03-13T17:58:24","slug":"brasilandia-inaugura-caps-e-fortalece-atendimento-em-saude-mental-com-parceria-regional","status":"publish","type":"post","link":"https:\/\/expressaoms.com.br\/index.php\/2026\/03\/13\/brasilandia-inaugura-caps-e-fortalece-atendimento-em-saude-mental-com-parceria-regional\/","title":{"rendered":"Brasil\u00e2ndia inaugura CAPS e fortalece atendimento em sa\u00fade mental com parceria regional"},"content":{"rendered":"<div class=\"ntc_cont_descricao_noticia sw_txteditor\">\n<p>A Prefeitura de Brasil\u00e2ndia realizou, na manh\u00e3 desta\u00a0<strong>sexta-feira, 13 de mar\u00e7o<\/strong>, a\u00a0<strong>inaugura\u00e7\u00e3o do Centro de Aten\u00e7\u00e3o Psicossocial (CAPS)<\/strong>, um importante avan\u00e7o para o fortalecimento da rede municipal de sa\u00fade mental. A cerim\u00f4nia contou com a presen\u00e7a da\u00a0<strong>prefeita M\u00e1rcia Amaral<\/strong>, secret\u00e1rios municipais e autoridades.<\/p>\n<p>Durante o evento, fizeram uso da palavra a\u00a0<strong>secret\u00e1ria municipal de Sa\u00fade, Mara Nilza<\/strong>, e a\u00a0<strong>prefeita M\u00e1rcia Amaral<\/strong>, que destacaram a import\u00e2ncia da implanta\u00e7\u00e3o do CAPS para ampliar o atendimento especializado \u00e0 popula\u00e7\u00e3o.<\/p>\n<p>A secret\u00e1ria de Sa\u00fade ressaltou que o novo servi\u00e7o representa um passo significativo para garantir um atendimento mais humanizado \u00e0s pessoas que necessitam de acompanhamento em sa\u00fade mental, oferecendo suporte profissional e acompanhamento cont\u00ednuo.<\/p>\n<p>Em sua fala, a prefeita M\u00e1rcia Amaral enfatizou o compromisso da gest\u00e3o municipal com a sa\u00fade p\u00fablica e destacou que a inaugura\u00e7\u00e3o do CAPS representa um investimento no cuidado com as pessoas e na qualidade de vida da popula\u00e7\u00e3o.<\/p>\n<p>A implanta\u00e7\u00e3o do servi\u00e7o tamb\u00e9m foi poss\u00edvel gra\u00e7as \u00e0\u00a0<strong>parceria entre os munic\u00edpios de Brasil\u00e2ndia e Santa Rita do Pardo<\/strong>, uma coopera\u00e7\u00e3o institucional que permitiu viabilizar a estrutura\u00e7\u00e3o do atendimento.<\/p>\n<p>A cerim\u00f4nis tamb\u00e9m contou com a participa\u00e7\u00e3o do\u00a0<strong>prefeito de Santa Rita do Pardo, Dr. L\u00facio Costa<\/strong>, cuja parceria entre os munic\u00edpios foi fundamental para tornar realidade a implanta\u00e7\u00e3o do CAPS, fortalecendo a integra\u00e7\u00e3o regional na \u00e1rea da sa\u00fade.<\/p>\n<p>Com a inaugura\u00e7\u00e3o do Centro de Aten\u00e7\u00e3o Psicossocial, Brasil\u00e2ndia amplia sua rede de atendimento e refor\u00e7a o compromisso com o cuidado integral \u00e0 sa\u00fade da popula\u00e7\u00e3o.<\/p>\n<\/div>\n<div class=\"ntc_area_info_noticia sw_lato\">\n<div><\/div>\n<\/div>\n","protected":false},"excerpt":{"rendered":"<p>A Prefeitura de Brasil\u00e2ndia realizou, na manh\u00e3 desta\u00a0sexta-feira, 13 de mar\u00e7o, a\u00a0inaugura\u00e7\u00e3o do Centro de Aten\u00e7\u00e3o Psicossocial (CAPS), um importante avan\u00e7o para o fortalecimento da rede municipal de sa\u00fade mental. A cerim\u00f4nia contou com a presen\u00e7a da\u00a0prefeita M\u00e1rcia Amaral, secret\u00e1rios municipais e autoridades. Durante o evento, fizeram uso da palavra a\u00a0secret\u00e1ria municipal de Sa\u00fade, Mara [&hellip;]<\/p>\n","protected":false},"author":5,"featured_media":44469,"comment_status":"open","ping_status":"open","sticky":false,"template":"","format":"standard","meta":{"om_disable_all_campaigns":false,"_monsterinsights_skip_tracking":false,"_monsterinsights_sitenote_active":false,"_monsterinsights_sitenote_note":"","_monsterinsights_sitenote_category":0,"footnotes":""},"categories":[26,30,266,193],"tags":[],"aioseo_notices":[],"_links":{"self":[{"href":"https:\/\/expressaoms.com.br\/index.php\/wp-json\/wp\/v2\/posts\/44468"}],"collection":[{"href":"https:\/\/expressaoms.com.br\/index.php\/wp-json\/wp\/v2\/posts"}],"about":[{"href":"https:\/\/expressaoms.com.br\/index.php\/wp-json\/wp\/v2\/types\/post"}],"author":[{"embeddable":true,"href":"https:\/\/expressaoms.com.br\/index.php\/wp-json\/wp\/v2\/users\/5"}],"replies":[{"embeddable":true,"href":"https:\/\/expressaoms.com.br\/index.php\/wp-json\/wp\/v2\/comments?post=44468"}],"version-history":[{"count":1,"href":"https:\/\/expressaoms.com.br\/index.php\/wp-json\/wp\/v2\/posts\/44468\/revisions"}],"predecessor-version":[{"id":44470,"href":"https:\/\/expressaoms.com.br\/index.php\/wp-json\/wp\/v2\/posts\/44468\/revisions\/44470"}],"wp:featuredmedia":[{"embeddable":true,"href":"https:\/\/expressaoms.com.br\/index.php\/wp-json\/wp\/v2\/media\/44469"}],"wp:attachment":[{"href":"https:\/\/expressaoms.com.br\/index.php\/wp-json\/wp\/v2\/media?parent=44468"}],"wp:term":[{"taxonomy":"category","embeddable":true,"href":"https:\/\/expressaoms.com.br\/index.php\/wp-json\/wp\/v2\/categories?post=44468"},{"taxonomy":"post_tag","embeddable":true,"href":"https:\/\/expressaoms.com.br\/index.php\/wp-json\/wp\/v2\/tags?post=44468"}],"curies":[{"name":"wp","href":"https:\/\/api.w.org\/{rel}","templated":true}]}}