{"id":44473,"date":"2026-03-13T17:00:30","date_gmt":"2026-03-13T21:00:30","guid":{"rendered":"https:\/\/expressaoms.com.br\/?p=44473"},"modified":"2026-03-13T14:01:48","modified_gmt":"2026-03-13T18:01:48","slug":"brasilandia-garante-mais-de-r-100-mil-para-fortalecer-a-cultura-por-meio-da-politica-nacional-aldir-blanc","status":"publish","type":"post","link":"https:\/\/expressaoms.com.br\/index.php\/2026\/03\/13\/brasilandia-garante-mais-de-r-100-mil-para-fortalecer-a-cultura-por-meio-da-politica-nacional-aldir-blanc\/","title":{"rendered":"Brasil\u00e2ndia garante mais de R$ 100 mil para fortalecer a cultura por meio da Pol\u00edtica Nacional Aldir Blanc"},"content":{"rendered":"<p>A cultura de Brasil\u00e2ndia vive um novo momento de fortalecimento. A Prefeitura Municipal garantiu o repasse de\u00a0<strong>R$ 100.388,50<\/strong>\u00a0por meio da\u00a0<strong>Pol\u00edtica Nacional Aldir Blanc de Fomento \u00e0 Cultura (PNAB)<\/strong>, recurso federal destinado exclusivamente ao incentivo, valoriza\u00e7\u00e3o e desenvolvimento das atividades culturais nos munic\u00edpios brasileiros.<\/p>\n<p>A conquista do recurso foi viabilizada gra\u00e7as ao trabalho t\u00e9cnico realizado pela\u00a0<strong>Coordenadoria de Cultura<\/strong>, sob lideran\u00e7a da diretora\u00a0<strong>Jhenifer Ragnaroni Noronha Alves<\/strong>, respons\u00e1vel por conduzir os procedimentos administrativos, estudos t\u00e9cnicos e tr\u00e2mites necess\u00e1rios para a ades\u00e3o do munic\u00edpio \u00e0 pol\u00edtica nacional.<\/p>\n<p>Segundo Jhenifer, o recurso representa uma oportunidade concreta para impulsionar a produ\u00e7\u00e3o cultural local.<\/p>\n<p>\u201cA Pol\u00edtica Nacional Aldir Blanc \u00e9 uma ferramenta muito importante para fortalecer a cultura nos munic\u00edpios. Realizamos audi\u00eancias p\u00fablicas, pesquisas com agentes culturais e estudos t\u00e9cnicos para definir a melhor forma de aplicar esse recurso em Brasil\u00e2ndia. Nosso objetivo \u00e9 garantir que artistas, produtores culturais e trabalhadores da cultura tenham acesso a oportunidades reais de desenvolvimento de seus projetos\u201d, destacou.<\/p>\n<p>A iniciativa conta tamb\u00e9m com o apoio direto da prefeita\u00a0<strong>M\u00e1rcia Regina do Amaral Schio<\/strong>, que tem refor\u00e7ado o compromisso da gest\u00e3o com o fortalecimento das pol\u00edticas p\u00fablicas culturais no munic\u00edpio.<\/p>\n<p>Para a prefeita, investir em cultura significa investir no desenvolvimento social e na valoriza\u00e7\u00e3o das pessoas.<\/p>\n<p>\u201cA cultura transforma vidas, fortalece a identidade do nosso povo e movimenta a economia criativa. Nosso compromisso \u00e9 continuar buscando recursos e criando oportunidades para que os talentos de Brasil\u00e2ndia possam crescer e mostrar seu trabalho\u201d, afirmou.<\/p>\n<h2>O que \u00e9 a Pol\u00edtica Nacional Aldir Blanc<\/h2>\n<p>A Pol\u00edtica Nacional Aldir Blanc \u00e9 um programa do Governo Federal que garante repasses de recursos para estados e munic\u00edpios investirem diretamente no setor cultural.<\/p>\n<p>A pol\u00edtica foi criada para estruturar e fortalecer de forma permanente o financiamento da cultura no Brasil, permitindo que artistas, coletivos culturais, produtores, mestres da cultura popular e institui\u00e7\u00f5es culturais tenham acesso a editais e mecanismos de incentivo.<\/p>\n<p>Entre as a\u00e7\u00f5es que podem ser financiadas est\u00e3o:<\/p>\n<ul>\n<li>financiamento de projetos culturais<\/li>\n<li>realiza\u00e7\u00e3o de eventos e apresenta\u00e7\u00f5es art\u00edsticas<\/li>\n<li>oferta de oficinas e a\u00e7\u00f5es formativas<\/li>\n<li>apoio a iniciativas culturais locais<\/li>\n<li>valoriza\u00e7\u00e3o de manifesta\u00e7\u00f5es culturais tradicionais<\/li>\n<\/ul>\n<h2>Como os recursos ser\u00e3o aplicados em Brasil\u00e2ndia<\/h2>\n<p>A aplica\u00e7\u00e3o dos recursos foi definida a partir de\u00a0<strong>audi\u00eancias p\u00fablicas e consultas com a comunidade cultural<\/strong>, garantindo que as decis\u00f5es refletissem as demandas reais do setor.<\/p>\n<p>Do valor total recebido de\u00a0<strong>R$ 100.388,50<\/strong>, a distribui\u00e7\u00e3o ficou definida da seguinte forma:<\/p>\n<h3>Meta 1 \u2013 A\u00e7\u00f5es Gerais<\/h3>\n<p><strong>R$ 95.369,07<\/strong><\/p>\n<p>Destinada diretamente ao fomento cultural por meio de editais p\u00fablicos:<\/p>\n<ul>\n<li><strong>R$ 25.000,00<\/strong>\u00a0\u2013 Shows e eventos culturais<\/li>\n<li><strong>R$ 25.000,00<\/strong>\u00a0\u2013 Oficinas culturais<\/li>\n<li><strong>R$ 20.000,00<\/strong>\u00a0\u2013 Projetos de cultura ind\u00edgena e de matriz africana<\/li>\n<li><strong>R$ 25.369,07<\/strong>\u00a0\u2013 Projetos culturais em geral<\/li>\n<\/ul>\n<h3>Meta 3 \u2013 Custo Operacional<\/h3>\n<p><strong>R$ 5.019,43<\/strong><\/p>\n<p>Valor destinado \u00e0 consultoria e estrutura\u00e7\u00e3o das pol\u00edticas culturais, garantindo a correta implementa\u00e7\u00e3o, acompanhamento e transpar\u00eancia na execu\u00e7\u00e3o dos recursos.<\/p>\n<h2>Oportunidade para artistas e agentes culturais<\/h2>\n<p>Nos pr\u00f3ximos meses, a Prefeitura Municipal de Brasil\u00e2ndia, por meio da Coordenadoria de Cultura, realizar\u00e1 a\u00a0<strong>publica\u00e7\u00e3o de editais p\u00fablicos<\/strong>\u00a0que ir\u00e3o selecionar os projetos culturais que receber\u00e3o apoio financeiro da PNAB.<\/p>\n<p>Com isso, artistas, produtores culturais, grupos, coletivos, mestres da cultura popular, educadores e agentes culturais do munic\u00edpio ter\u00e3o a oportunidade de apresentar seus projetos e concorrer ao financiamento p\u00fablico.<\/p>\n<p>A iniciativa representa um passo importante para:<\/p>\n<ul>\n<li>estimular a produ\u00e7\u00e3o art\u00edstica local<\/li>\n<li>fortalecer a identidade cultural de Brasil\u00e2ndia<\/li>\n<li>ampliar o acesso da popula\u00e7\u00e3o \u00e0 cultura<\/li>\n<li>incentivar novos talentos<\/li>\n<li>movimentar a economia criativa do munic\u00edpio<\/li>\n<\/ul>\n<p>A Prefeitura refor\u00e7a o convite para que os agentes culturais fiquem atentos \u00e0s pr\u00f3ximas divulga\u00e7\u00f5es e participem dos editais. O investimento refor\u00e7a o empenho concreto do Munic\u00edpio em apoiar quem produz cultura, valorizar a identidade local e garantir que a arte continue sendo parte viva da hist\u00f3ria e do desenvolvimento de Brasil\u00e2ndia.<\/p>\n","protected":false},"excerpt":{"rendered":"<p>A cultura de Brasil\u00e2ndia vive um novo momento de fortalecimento. A Prefeitura Municipal garantiu o repasse de\u00a0R$ 100.388,50\u00a0por meio da\u00a0Pol\u00edtica Nacional Aldir Blanc de Fomento \u00e0 Cultura (PNAB), recurso federal destinado exclusivamente ao incentivo, valoriza\u00e7\u00e3o e desenvolvimento das atividades culturais nos munic\u00edpios brasileiros. A conquista do recurso foi viabilizada gra\u00e7as ao trabalho t\u00e9cnico realizado pela\u00a0Coordenadoria [&hellip;]<\/p>\n","protected":false},"author":5,"featured_media":44474,"comment_status":"open","ping_status":"open","sticky":false,"template":"","format":"standard","meta":{"om_disable_all_campaigns":false,"_monsterinsights_skip_tracking":false,"_monsterinsights_sitenote_active":false,"_monsterinsights_sitenote_note":"","_monsterinsights_sitenote_category":0,"footnotes":""},"categories":[26,30,266,193],"tags":[],"aioseo_notices":[],"_links":{"self":[{"href":"https:\/\/expressaoms.com.br\/index.php\/wp-json\/wp\/v2\/posts\/44473"}],"collection":[{"href":"https:\/\/expressaoms.com.br\/index.php\/wp-json\/wp\/v2\/posts"}],"about":[{"href":"https:\/\/expressaoms.com.br\/index.php\/wp-json\/wp\/v2\/types\/post"}],"author":[{"embeddable":true,"href":"https:\/\/expressaoms.com.br\/index.php\/wp-json\/wp\/v2\/users\/5"}],"replies":[{"embeddable":true,"href":"https:\/\/expressaoms.com.br\/index.php\/wp-json\/wp\/v2\/comments?post=44473"}],"version-history":[{"count":1,"href":"https:\/\/expressaoms.com.br\/index.php\/wp-json\/wp\/v2\/posts\/44473\/revisions"}],"predecessor-version":[{"id":44475,"href":"https:\/\/expressaoms.com.br\/index.php\/wp-json\/wp\/v2\/posts\/44473\/revisions\/44475"}],"wp:featuredmedia":[{"embeddable":true,"href":"https:\/\/expressaoms.com.br\/index.php\/wp-json\/wp\/v2\/media\/44474"}],"wp:attachment":[{"href":"https:\/\/expressaoms.com.br\/index.php\/wp-json\/wp\/v2\/media?parent=44473"}],"wp:term":[{"taxonomy":"category","embeddable":true,"href":"https:\/\/expressaoms.com.br\/index.php\/wp-json\/wp\/v2\/categories?post=44473"},{"taxonomy":"post_tag","embeddable":true,"href":"https:\/\/expressaoms.com.br\/index.php\/wp-json\/wp\/v2\/tags?post=44473"}],"curies":[{"name":"wp","href":"https:\/\/api.w.org\/{rel}","templated":true}]}}