{"id":44476,"date":"2026-03-13T14:34:14","date_gmt":"2026-03-13T18:34:14","guid":{"rendered":"https:\/\/expressaoms.com.br\/?p=44476"},"modified":"2026-03-13T14:35:49","modified_gmt":"2026-03-13T18:35:49","slug":"com-presidente-do-paraguai-e-longen-paulo-correa-defende-competitividade-das-industrias-de-ms","status":"publish","type":"post","link":"https:\/\/expressaoms.com.br\/index.php\/2026\/03\/13\/com-presidente-do-paraguai-e-longen-paulo-correa-defende-competitividade-das-industrias-de-ms\/","title":{"rendered":"Com presidente do Paraguai e Longen, Paulo Corr\u00eaa defende competitividade das ind\u00fastrias de MS"},"content":{"rendered":"<p>O deputado estadual Paulo Corr\u00eaa (PSDB), 1\u00ba secret\u00e1rio da Assembleia Legislativa de Mato Grosso do Sul, se reuniu nesta sexta-feira (13), em Assunci\u00f3n, com o presidente do Paraguai, Santiago Pe\u00f1a, para defender os interesses das ind\u00fastrias brasileiras, em especial as sul-mato-grossenses, que mant\u00eam rela\u00e7\u00f5es comerciais com o pa\u00eds vizinho.<\/p>\n<p>O encontro ocorreu durante agenda do Banco Interamericano de Desenvolvimento (BID) e contou tamb\u00e9m com a participa\u00e7\u00e3o do presidente da Federa\u00e7\u00e3o das Ind\u00fastrias de Mato Grosso do Sul (Fiems), S\u00e9rgio Longen.<\/p>\n<div class=\"wp-block-image\">\n<figure class=\"alignleft size-full is-resized\"><img fetchpriority=\"high\" decoding=\"async\" class=\"wp-image-14146\" src=\"https:\/\/deppaulocorrea.com.br\/wp-content\/uploads\/2026\/03\/3a9d05ef-404e-42cc-b552-ae298ea058bc-2.jpg\" sizes=\"(max-width: 720px) 100vw, 720px\" srcset=\"https:\/\/deppaulocorrea.com.br\/wp-content\/uploads\/2026\/03\/3a9d05ef-404e-42cc-b552-ae298ea058bc-2.jpg 720w, https:\/\/deppaulocorrea.com.br\/wp-content\/uploads\/2026\/03\/3a9d05ef-404e-42cc-b552-ae298ea058bc-2-300x263.jpg 300w\" alt=\"\" width=\"327\" height=\"286\" \/><figcaption class=\"wp-element-caption\"><\/figcaption><\/figure>\n<\/div>\n<p>Durante a reuni\u00e3o, foram discutidos temas ligados \u00e0 competitividade do setor produtivo, como infraestrutura, log\u00edstica, transporte de cargas e registro de marcas, al\u00e9m de medidas que possam facilitar a importa\u00e7\u00e3o e exporta\u00e7\u00e3o de produtos brasileiros via Paraguai.<\/p>\n<p>Segundo Paulo Corr\u00eaa, o objetivo \u00e9 fortalecer o ambiente de neg\u00f3cios e reduzir entraves que ainda impactam o setor industrial. \u201cViemos conversar com o presidente do Paraguai para defender os interesses das ind\u00fastrias brasileiras, especialmente de Mato Grosso do Sul. Discutimos quest\u00f5es importantes relacionadas \u00e0 log\u00edstica, ao transporte e tamb\u00e9m ao registro de marcas, para destravar gargalos e ampliar as oportunidades de com\u00e9rcio entre os dois pa\u00edses\u201d, destacou o deputado.<\/p>\n<p>O presidente da Fiems, S\u00e9rgio Longen, tamb\u00e9m ressaltou a import\u00e2ncia do di\u00e1logo direto com o governo paraguaio para avan\u00e7ar nas pautas de interesse do setor produtivo. \u201cEstamos tratando de quest\u00f5es importantes para fortalecer as rela\u00e7\u00f5es comerciais entre Brasil e Paraguai. A amplia\u00e7\u00e3o das condi\u00e7\u00f5es log\u00edsticas, o registro de marcas de produtos brasileiros e a melhoria de processos burocr\u00e1ticos s\u00e3o medidas que podem impulsionar novos investimentos e ampliar as oportunidades de neg\u00f3cios para as empresas\u201d, destacou.<\/p>\n<p>Outro tema importante tratado na reuni\u00e3o foi a retomada do projeto de constru\u00e7\u00e3o de uma ponte sobre o Rio Apa, que ligar\u00e1 o departamento de Concepci\u00f3n, no Paraguai, a Porto Murtinho, em Mato Grosso do Sul. A estrutura funcionar\u00e1 como uma alternativa de acesso \u00e0 Rota Bioce\u00e2nica, ampliando a integra\u00e7\u00e3o log\u00edstica e comercial entre Brasil e Paraguai.<\/p>\n<p>\u201cO presidente Santiago Pe\u00f1a demonstrou interesse em retomar esse projeto, que \u00e9 estrat\u00e9gico para fortalecer o com\u00e9rcio e a integra\u00e7\u00e3o entre nossos pa\u00edses. Essa liga\u00e7\u00e3o vai ajudar a impulsionar o desenvolvimento da regi\u00e3o e consolidar Porto Murtinho como um importante hub log\u00edstico para o Brasil\u201d, afirmou Paulo Corr\u00eaa.<\/p>\n<div class=\"wp-block-image\">\n<figure class=\"alignright size-full is-resized\"><img decoding=\"async\" class=\"wp-image-14153 alignleft\" src=\"https:\/\/deppaulocorrea.com.br\/wp-content\/uploads\/2026\/03\/WhatsApp-Image-2026-03-13-at-12.17.31.jpeg\" sizes=\"(max-width: 720px) 100vw, 720px\" srcset=\"https:\/\/deppaulocorrea.com.br\/wp-content\/uploads\/2026\/03\/WhatsApp-Image-2026-03-13-at-12.17.31.jpeg 720w, https:\/\/deppaulocorrea.com.br\/wp-content\/uploads\/2026\/03\/WhatsApp-Image-2026-03-13-at-12.17.31-300x292.jpeg 300w\" alt=\"\" width=\"294\" height=\"286\" \/><figcaption class=\"wp-element-caption\"><\/figcaption><\/figure>\n<\/div>\n<p>Durante o encontro, Pe\u00f1a tamb\u00e9m manifestou interesse em estreitar ainda mais os la\u00e7os com Mato Grosso do Sul e afirmou que pretende visitar Campo Grande em breve, atendendo convite feito por Paulo Corr\u00eaa para conhecer a Col\u00f4nia Paraguaia.<\/p>\n<p>\u201cFiquei muito tocado pela receptividade do presidente Santiago Pe\u00f1a. O Paraguai \u00e9 um parceiro estrat\u00e9gico para Mato Grosso do Sul e temos muito a avan\u00e7ar juntos em com\u00e9rcio, log\u00edstica, integra\u00e7\u00e3o entre nossos povos e desenvolvimento regional\u201d, finalizou o deputado.<\/p>\n<p>Tamb\u00e9m participaram da reuni\u00e3o os diretores da Fiems Aur\u00e9lio Rolim Rocha (rela\u00e7\u00f5es internacionais) e Robson Del Casale (sustentabilidade), al\u00e9m da empres\u00e1ria Simone Oliveira, diretora-executiva da Nilcatex T\u00eaxtil.<\/p>\n","protected":false},"excerpt":{"rendered":"<p>O deputado estadual Paulo Corr\u00eaa (PSDB), 1\u00ba secret\u00e1rio da Assembleia Legislativa de Mato Grosso do Sul, se reuniu nesta sexta-feira (13), em Assunci\u00f3n, com o presidente do Paraguai, Santiago Pe\u00f1a, para defender os interesses das ind\u00fastrias brasileiras, em especial as sul-mato-grossenses, que mant\u00eam rela\u00e7\u00f5es comerciais com o pa\u00eds vizinho. O encontro ocorreu durante agenda do [&hellip;]<\/p>\n","protected":false},"author":5,"featured_media":44477,"comment_status":"open","ping_status":"open","sticky":false,"template":"","format":"standard","meta":{"om_disable_all_campaigns":false,"_monsterinsights_skip_tracking":false,"_monsterinsights_sitenote_active":false,"_monsterinsights_sitenote_note":"","_monsterinsights_sitenote_category":0,"footnotes":""},"categories":[30,266,193],"tags":[],"aioseo_notices":[],"_links":{"self":[{"href":"https:\/\/expressaoms.com.br\/index.php\/wp-json\/wp\/v2\/posts\/44476"}],"collection":[{"href":"https:\/\/expressaoms.com.br\/index.php\/wp-json\/wp\/v2\/posts"}],"about":[{"href":"https:\/\/expressaoms.com.br\/index.php\/wp-json\/wp\/v2\/types\/post"}],"author":[{"embeddable":true,"href":"https:\/\/expressaoms.com.br\/index.php\/wp-json\/wp\/v2\/users\/5"}],"replies":[{"embeddable":true,"href":"https:\/\/expressaoms.com.br\/index.php\/wp-json\/wp\/v2\/comments?post=44476"}],"version-history":[{"count":4,"href":"https:\/\/expressaoms.com.br\/index.php\/wp-json\/wp\/v2\/posts\/44476\/revisions"}],"predecessor-version":[{"id":44481,"href":"https:\/\/expressaoms.com.br\/index.php\/wp-json\/wp\/v2\/posts\/44476\/revisions\/44481"}],"wp:featuredmedia":[{"embeddable":true,"href":"https:\/\/expressaoms.com.br\/index.php\/wp-json\/wp\/v2\/media\/44477"}],"wp:attachment":[{"href":"https:\/\/expressaoms.com.br\/index.php\/wp-json\/wp\/v2\/media?parent=44476"}],"wp:term":[{"taxonomy":"category","embeddable":true,"href":"https:\/\/expressaoms.com.br\/index.php\/wp-json\/wp\/v2\/categories?post=44476"},{"taxonomy":"post_tag","embeddable":true,"href":"https:\/\/expressaoms.com.br\/index.php\/wp-json\/wp\/v2\/tags?post=44476"}],"curies":[{"name":"wp","href":"https:\/\/api.w.org\/{rel}","templated":true}]}}