{"id":44482,"date":"2026-03-13T16:38:04","date_gmt":"2026-03-13T20:38:04","guid":{"rendered":"https:\/\/expressaoms.com.br\/?p=44482"},"modified":"2026-03-13T16:38:04","modified_gmt":"2026-03-13T20:38:04","slug":"delegado-quebra-vidro-a-tiros-e-salva-motorista-preso-em-caminhao-em-chamas-na-br-262","status":"publish","type":"post","link":"https:\/\/expressaoms.com.br\/index.php\/2026\/03\/13\/delegado-quebra-vidro-a-tiros-e-salva-motorista-preso-em-caminhao-em-chamas-na-br-262\/","title":{"rendered":"Delegado quebra vidro a tiros e salva motorista preso em caminh\u00e3o em chamas na BR-262"},"content":{"rendered":"<p>A a\u00e7\u00e3o r\u00e1pida e decisiva de um Delegado de Pol\u00edcia evitou uma trag\u00e9dia maior na manh\u00e3 desta sexta-feira (13) na rodovia BR-262. O delegado Thiago Jos\u00e9 Passos da Silva, assessor do Departamento de Pol\u00edcia do Interior (DPI), chegou ao local instantes ap\u00f3s uma colis\u00e3o frontal envolvendo duas carretas e n\u00e3o hesitou: usando sua arma funcional para quebrar o vidro da cabine, conseguiu resgatar um dos motoristas que estava preso \u00e0s ferragens enquanto as chamas tomavam conta do ve\u00edculo.<\/p>\n<p class=\"ds-markdown-paragraph\">O acidente ocorreu por volta das 8h, a cerca de 15 km do per\u00edmetro urbano de \u00c1gua Clara. Quando o delegado chegou ao local, um dos caminh\u00f5es j\u00e1 estava em chamas e o condutor permanecia preso na cabine, sem conseguir sair.<\/p>\n<p class=\"ds-markdown-paragraph\">Sem equipamentos adequados para a abertura da porta, completamente retorcida com o impacto, Thiago Passos tomou uma decis\u00e3o que fez a diferen\u00e7a entre a vida e a morte. Com o aux\u00edlio de um rapaz desconhecido \u2014 a primeira pessoa a chegar ao local do acidente \u2014 o delegado efetuou um disparo com sua pistola para quebrar o vidro da porta do ve\u00edculo.<\/p>\n<p class=\"ds-markdown-paragraph\">&#8220;Conseguimos apoiar os bra\u00e7os da v\u00edtima, que estava consciente e responsiva e ajudou muito nesse resgate. Conseguimos retirar o motorista e arrast\u00e1-lo para um local mais distante, por causa das chamas&#8221;, relatou o delegado, ainda sob a como\u00e7\u00e3o do salvamento.<\/p>\n<p class=\"ds-markdown-paragraph\">Ap\u00f3s a retirada, a v\u00edtima foi imediatamente afastada do caminh\u00e3o, que em poucos minutos ficou completamente tomado pelo fogo. O grupo aguardou por socorro durante cerca de meia hora, at\u00e9 que uma m\u00e9dica que passava pelo local realizou os primeiros atendimentos e constatou que o motorista estava est\u00e1vel.<\/p>\n<p class=\"ds-markdown-paragraph\">Diante da demora e da necessidade de atendimento urgente, o pr\u00f3prio delegado tomou a iniciativa de transportar o homem na viatura do DPI at\u00e9 o Hospital Auxiliadora, em \u00c1gua Clara, onde a v\u00edtima permanecia internada at\u00e9 o momento do relato de Thiago Passos. O outro caminhoneiro envolvido no acidente foi socorrido e encaminhado para outra unidade de sa\u00fade do munic\u00edpio.<\/p>\n<p class=\"ds-markdown-paragraph\">Ap\u00f3s garantir que as v\u00edtimas estavam sendo atendidas, o delegado retornou ao local do acidente para prestar apoio \u00e0 Pol\u00edcia Rodovi\u00e1ria Federal (PRF) nos trabalhos de per\u00edcia e controle do tr\u00e1fego.<\/p>\n<h3>Din\u00e2mica do acidente<\/h3>\n<p class=\"ds-markdown-paragraph\">De acordo com as informa\u00e7\u00f5es preliminares levantadas no local, a poss\u00edvel causa do acidente teria sido uma invas\u00e3o de pista. Conforme esclareceu o delegado Thiago Passos, o outro motorista, que trafegava no sentido contr\u00e1rio (\u00c1gua Clara \u2013 Campo Grande), teria invadido a pista e provocado a colis\u00e3o frontal entre os dois ve\u00edculos de grande porte.<\/p>\n<p class=\"ds-markdown-paragraph\">A ocorr\u00eancia segue sob investiga\u00e7\u00e3o da PRF, que dever\u00e1 apurar as circunst\u00e2ncias exatas do acidente, incluindo as causas da invas\u00e3o de faixa.<\/p>\n<p class=\"ds-markdown-paragraph\">O ato de bravura do delegado, que colocou a pr\u00f3pria vida em risco para salvar o motorista, foi destacado por testemunhas e j\u00e1 circula entre os colegas de corpora\u00e7\u00e3o como exemplo de que o dever vai al\u00e9m da farda \u2014 em qualquer lugar e a qualquer hora.<\/p>\n","protected":false},"excerpt":{"rendered":"<p>A a\u00e7\u00e3o r\u00e1pida e decisiva de um Delegado de Pol\u00edcia evitou uma trag\u00e9dia maior na manh\u00e3 desta sexta-feira (13) na rodovia BR-262. O delegado Thiago Jos\u00e9 Passos da Silva, assessor do Departamento de Pol\u00edcia do Interior (DPI), chegou ao local instantes ap\u00f3s uma colis\u00e3o frontal envolvendo duas carretas e n\u00e3o hesitou: usando sua arma funcional [&hellip;]<\/p>\n","protected":false},"author":5,"featured_media":44483,"comment_status":"open","ping_status":"open","sticky":false,"template":"","format":"standard","meta":{"om_disable_all_campaigns":false,"_monsterinsights_skip_tracking":false,"_monsterinsights_sitenote_active":false,"_monsterinsights_sitenote_note":"","_monsterinsights_sitenote_category":0,"footnotes":""},"categories":[189,30,266,41,193],"tags":[],"aioseo_notices":[],"_links":{"self":[{"href":"https:\/\/expressaoms.com.br\/index.php\/wp-json\/wp\/v2\/posts\/44482"}],"collection":[{"href":"https:\/\/expressaoms.com.br\/index.php\/wp-json\/wp\/v2\/posts"}],"about":[{"href":"https:\/\/expressaoms.com.br\/index.php\/wp-json\/wp\/v2\/types\/post"}],"author":[{"embeddable":true,"href":"https:\/\/expressaoms.com.br\/index.php\/wp-json\/wp\/v2\/users\/5"}],"replies":[{"embeddable":true,"href":"https:\/\/expressaoms.com.br\/index.php\/wp-json\/wp\/v2\/comments?post=44482"}],"version-history":[{"count":1,"href":"https:\/\/expressaoms.com.br\/index.php\/wp-json\/wp\/v2\/posts\/44482\/revisions"}],"predecessor-version":[{"id":44484,"href":"https:\/\/expressaoms.com.br\/index.php\/wp-json\/wp\/v2\/posts\/44482\/revisions\/44484"}],"wp:featuredmedia":[{"embeddable":true,"href":"https:\/\/expressaoms.com.br\/index.php\/wp-json\/wp\/v2\/media\/44483"}],"wp:attachment":[{"href":"https:\/\/expressaoms.com.br\/index.php\/wp-json\/wp\/v2\/media?parent=44482"}],"wp:term":[{"taxonomy":"category","embeddable":true,"href":"https:\/\/expressaoms.com.br\/index.php\/wp-json\/wp\/v2\/categories?post=44482"},{"taxonomy":"post_tag","embeddable":true,"href":"https:\/\/expressaoms.com.br\/index.php\/wp-json\/wp\/v2\/tags?post=44482"}],"curies":[{"name":"wp","href":"https:\/\/api.w.org\/{rel}","templated":true}]}}