{"id":44489,"date":"2026-03-16T08:16:45","date_gmt":"2026-03-16T12:16:45","guid":{"rendered":"https:\/\/expressaoms.com.br\/?p=44489"},"modified":"2026-03-16T08:16:45","modified_gmt":"2026-03-16T12:16:45","slug":"semed-convoca-professores-para-aulas-complementares-na-rede-municipal-de-tres-lagoas","status":"publish","type":"post","link":"https:\/\/expressaoms.com.br\/index.php\/2026\/03\/16\/semed-convoca-professores-para-aulas-complementares-na-rede-municipal-de-tres-lagoas\/","title":{"rendered":"SEMED convoca professores para aulas complementares na rede municipal de Tr\u00eas Lagoas"},"content":{"rendered":"<p class=\"ds-markdown-paragraph\">A\u00a0Secretaria Municipal de Educa\u00e7\u00e3o de Tr\u00eas Lagoas (SEMED) publicou, a Portaria n\u00ba 029\/SEMED\/NRH\/2026, que convoca, em car\u00e1ter tempor\u00e1rio, os professores classificados para atuarem no Programa de Aulas Complementares da rede municipal de ensino. A medida visa suprir necessidades pedag\u00f3gicas e garantir a continuidade do aprendizado dos alunos.<\/p>\n<p class=\"ds-markdown-paragraph\">O documento \u00e9 assinado pela secret\u00e1ria municipal de Educa\u00e7\u00e3o interina,\u00a0Monique Marielle Moreira de Oliveira, que utilizou das atribui\u00e7\u00f5es legais conferidas pelo inciso II do art. 47 da Lei Org\u00e2nica do Munic\u00edpio [Lei n\u00ba 1.795\/2002], combinado com o\u00a0Decreto n\u00ba 1.667, de 05 de mar\u00e7o de 2026.<\/p>\n<p class=\"ds-markdown-paragraph\">De acordo com o\u00a0Art. 1\u00ba\u00a0da portaria, a convoca\u00e7\u00e3o atende aos professores classificados conforme a\u00a0Portaria n\u00ba 022\/SEMED\/2026, respeitando as diretrizes da\u00a0Lei n\u00ba 2.425\/2010, que institui o Plano de Cargos, Carreira e Remunera\u00e7\u00e3o dos Trabalhadores da Educa\u00e7\u00e3o B\u00e1sica da Rede Municipal de Ensino.<\/p>\n<p class=\"ds-markdown-paragraph\">O\u00a0Art. 2\u00ba\u00a0da portaria estabelece que a remunera\u00e7\u00e3o do\u00a0Professor de Aulas Complementares\u00a0corresponder\u00e1 ao vencimento de\u00a0Professor Classe A, N\u00edvel 1 (PS1-A). O enquadramento segue os termos do\u00a0artigo 22 da Lei 2.425\/2010\u00a0e a Tabela 1 do Anexo II da referida legisla\u00e7\u00e3o e suas altera\u00e7\u00f5es posteriores.<\/p>\n<div class=\"ds-message _63c77b1\">\n<div class=\"ds-markdown\">\n<p class=\"ds-markdown-paragraph\">Al\u00e9m do vencimento base, os profissionais convocados far\u00e3o jus aos benef\u00edcios previstos no\u00a0artigo 11\u00a0da\u00a0Resolu\u00e7\u00e3o n\u00ba 004\/SEMED\/2026, conforme determina o\u00a0Art. 3\u00ba\u00a0da portaria. Embora o texto da resolu\u00e7\u00e3o n\u00e3o esteja detalhado na publica\u00e7\u00e3o, a men\u00e7\u00e3o indica que os professores ter\u00e3o direito a vantagens como aux\u00edlio-transporte, vale-alimenta\u00e7\u00e3o ou outros benef\u00edcios assegurados aos educadores da rede.<\/p>\n<p class=\"ds-markdown-paragraph\">O\u00a0Art. 4\u00ba\u00a0determina que a portaria entra em vigor na data de sua publica\u00e7\u00e3o, produzindo efeitos imediatos para convocar os profissionais listados na rela\u00e7\u00e3o anexa ao documento. A medida segue os tr\u00e2mites legais com a determina\u00e7\u00e3o de registro e publica\u00e7\u00e3o nos canais oficiais da prefeitura.<\/p>\n<p class=\"ds-markdown-paragraph\">O Programa de Aulas Complementares desempenha papel estrat\u00e9gico na educa\u00e7\u00e3o municipal ao oferecer suporte pedag\u00f3gico adicional aos estudantes, seja para refor\u00e7o escolar, recupera\u00e7\u00e3o de aprendizagens ou atividades de enriquecimento curricular. A convoca\u00e7\u00e3o tempor\u00e1ria permite \u00e0 SEMED ajustar o quadro de profissionais \u00e0s demandas espec\u00edficas do calend\u00e1rio letivo sem comprometer a qualidade do ensino.<\/p>\n<p class=\"ds-markdown-paragraph\">A lista nominal dos professores convocados est\u00e1 dispon\u00edvel para consulta nos anexos da portaria, publicada no Di\u00e1rio Oficial do Munic\u00edpio e nos canais oficiais da Secretaria Municipal de Educa\u00e7\u00e3o.<\/p>\n<\/div>\n<\/div>\n<div class=\"ds-theme\"><\/div>\n<div class=\"ds-flex _0a3d93b\">\n<div class=\"ds-flex _965abe9 _54866f7\">\n<div class=\"db183363 ds-icon-button ds-icon-button--m ds-icon-button--sizing-container\" tabindex=\"0\" role=\"button\" aria-disabled=\"false\">\n<div class=\"ds-icon-button__hover-bg\"><\/div>\n<div class=\"ds-icon\"><\/div>\n<\/div>\n<\/div>\n<\/div>\n","protected":false},"excerpt":{"rendered":"<p>A\u00a0Secretaria Municipal de Educa\u00e7\u00e3o de Tr\u00eas Lagoas (SEMED) publicou, a Portaria n\u00ba 029\/SEMED\/NRH\/2026, que convoca, em car\u00e1ter tempor\u00e1rio, os professores classificados para atuarem no Programa de Aulas Complementares da rede municipal de ensino. A medida visa suprir necessidades pedag\u00f3gicas e garantir a continuidade do aprendizado dos alunos. O documento \u00e9 assinado pela secret\u00e1ria municipal de [&hellip;]<\/p>\n","protected":false},"author":5,"featured_media":44490,"comment_status":"open","ping_status":"open","sticky":false,"template":"","format":"standard","meta":{"om_disable_all_campaigns":false,"_monsterinsights_skip_tracking":false,"_monsterinsights_sitenote_active":false,"_monsterinsights_sitenote_note":"","_monsterinsights_sitenote_category":0,"footnotes":""},"categories":[30,32,266,193,48],"tags":[],"aioseo_notices":[],"_links":{"self":[{"href":"https:\/\/expressaoms.com.br\/index.php\/wp-json\/wp\/v2\/posts\/44489"}],"collection":[{"href":"https:\/\/expressaoms.com.br\/index.php\/wp-json\/wp\/v2\/posts"}],"about":[{"href":"https:\/\/expressaoms.com.br\/index.php\/wp-json\/wp\/v2\/types\/post"}],"author":[{"embeddable":true,"href":"https:\/\/expressaoms.com.br\/index.php\/wp-json\/wp\/v2\/users\/5"}],"replies":[{"embeddable":true,"href":"https:\/\/expressaoms.com.br\/index.php\/wp-json\/wp\/v2\/comments?post=44489"}],"version-history":[{"count":1,"href":"https:\/\/expressaoms.com.br\/index.php\/wp-json\/wp\/v2\/posts\/44489\/revisions"}],"predecessor-version":[{"id":44491,"href":"https:\/\/expressaoms.com.br\/index.php\/wp-json\/wp\/v2\/posts\/44489\/revisions\/44491"}],"wp:featuredmedia":[{"embeddable":true,"href":"https:\/\/expressaoms.com.br\/index.php\/wp-json\/wp\/v2\/media\/44490"}],"wp:attachment":[{"href":"https:\/\/expressaoms.com.br\/index.php\/wp-json\/wp\/v2\/media?parent=44489"}],"wp:term":[{"taxonomy":"category","embeddable":true,"href":"https:\/\/expressaoms.com.br\/index.php\/wp-json\/wp\/v2\/categories?post=44489"},{"taxonomy":"post_tag","embeddable":true,"href":"https:\/\/expressaoms.com.br\/index.php\/wp-json\/wp\/v2\/tags?post=44489"}],"curies":[{"name":"wp","href":"https:\/\/api.w.org\/{rel}","templated":true}]}}