{"id":44492,"date":"2026-03-16T08:21:16","date_gmt":"2026-03-16T12:21:16","guid":{"rendered":"https:\/\/expressaoms.com.br\/?p=44492"},"modified":"2026-03-16T08:21:16","modified_gmt":"2026-03-16T12:21:16","slug":"imasul-visita-parque-do-pombo-como-referencia-para-implantacao-em-outros-municipios","status":"publish","type":"post","link":"https:\/\/expressaoms.com.br\/index.php\/2026\/03\/16\/imasul-visita-parque-do-pombo-como-referencia-para-implantacao-em-outros-municipios\/","title":{"rendered":"IMASUL visita Parque do Pombo como refer\u00eancia para implanta\u00e7\u00e3o em outros munic\u00edpios"},"content":{"rendered":"<p>A equipe da Secretaria Municipal de Meio Ambiente e Agroneg\u00f3cio (SEMEA), respons\u00e1vel pela gest\u00e3o do Parque Natural Municipal do Pombo, acompanhou na quinta-feira, 12 de mar\u00e7o, a visita t\u00e9cnica de representantes do Instituto de Meio Ambiente de Mato Grosso do Sul (IMASUL) ao espa\u00e7o.<\/p>\n<p>A comitiva, formada por t\u00e9cnicos da Ger\u00eancia de Unidades de Conserva\u00e7\u00e3o do IMASUL, com sede em Campo Grande, esteve no parque para conhecer de perto as estruturas existentes na unidade, que v\u00eam se destacando como refer\u00eancia na gest\u00e3o de \u00e1reas de conserva\u00e7\u00e3o ambiental.<\/p>\n<p>Durante a visita, os profissionais realizaram uma an\u00e1lise das instala\u00e7\u00f5es e dos espa\u00e7os destinados ao atendimento de visitantes, educa\u00e7\u00e3o ambiental e preserva\u00e7\u00e3o do patrim\u00f4nio natural. O objetivo \u00e9 avaliar modelos de estrutura e gest\u00e3o que possam servir de inspira\u00e7\u00e3o para projetos semelhantes em outras unidades de conserva\u00e7\u00e3o do Estado.<\/p>\n<p>Segundo os t\u00e9cnicos, a visita tem como finalidade estudar a possibilidade de implantar estruturas semelhantes no Parque Estadual do Rio Negro, localizado na regi\u00e3o do Pantanal sul-mato-grossense.<\/p>\n<p>A equipe da SEMEA apresentou aos visitantes as instala\u00e7\u00f5es do parque, al\u00e9m de explicar o funcionamento das atividades desenvolvidas no local, que incluem a\u00e7\u00f5es de educa\u00e7\u00e3o ambiental, preserva\u00e7\u00e3o da fauna e flora e incentivo ao contato da popula\u00e7\u00e3o com a natureza.<\/p>\n","protected":false},"excerpt":{"rendered":"<p>A equipe da Secretaria Municipal de Meio Ambiente e Agroneg\u00f3cio (SEMEA), respons\u00e1vel pela gest\u00e3o do Parque Natural Municipal do Pombo, acompanhou na quinta-feira, 12 de mar\u00e7o, a visita t\u00e9cnica de representantes do Instituto de Meio Ambiente de Mato Grosso do Sul (IMASUL) ao espa\u00e7o. A comitiva, formada por t\u00e9cnicos da Ger\u00eancia de Unidades de Conserva\u00e7\u00e3o [&hellip;]<\/p>\n","protected":false},"author":5,"featured_media":44493,"comment_status":"open","ping_status":"open","sticky":false,"template":"","format":"standard","meta":{"om_disable_all_campaigns":false,"_monsterinsights_skip_tracking":false,"_monsterinsights_sitenote_active":false,"_monsterinsights_sitenote_note":"","_monsterinsights_sitenote_category":0,"footnotes":""},"categories":[30,36,266,193,48],"tags":[],"aioseo_notices":[],"_links":{"self":[{"href":"https:\/\/expressaoms.com.br\/index.php\/wp-json\/wp\/v2\/posts\/44492"}],"collection":[{"href":"https:\/\/expressaoms.com.br\/index.php\/wp-json\/wp\/v2\/posts"}],"about":[{"href":"https:\/\/expressaoms.com.br\/index.php\/wp-json\/wp\/v2\/types\/post"}],"author":[{"embeddable":true,"href":"https:\/\/expressaoms.com.br\/index.php\/wp-json\/wp\/v2\/users\/5"}],"replies":[{"embeddable":true,"href":"https:\/\/expressaoms.com.br\/index.php\/wp-json\/wp\/v2\/comments?post=44492"}],"version-history":[{"count":1,"href":"https:\/\/expressaoms.com.br\/index.php\/wp-json\/wp\/v2\/posts\/44492\/revisions"}],"predecessor-version":[{"id":44494,"href":"https:\/\/expressaoms.com.br\/index.php\/wp-json\/wp\/v2\/posts\/44492\/revisions\/44494"}],"wp:featuredmedia":[{"embeddable":true,"href":"https:\/\/expressaoms.com.br\/index.php\/wp-json\/wp\/v2\/media\/44493"}],"wp:attachment":[{"href":"https:\/\/expressaoms.com.br\/index.php\/wp-json\/wp\/v2\/media?parent=44492"}],"wp:term":[{"taxonomy":"category","embeddable":true,"href":"https:\/\/expressaoms.com.br\/index.php\/wp-json\/wp\/v2\/categories?post=44492"},{"taxonomy":"post_tag","embeddable":true,"href":"https:\/\/expressaoms.com.br\/index.php\/wp-json\/wp\/v2\/tags?post=44492"}],"curies":[{"name":"wp","href":"https:\/\/api.w.org\/{rel}","templated":true}]}}