{"id":44495,"date":"2026-03-16T08:27:41","date_gmt":"2026-03-16T12:27:41","guid":{"rendered":"https:\/\/expressaoms.com.br\/?p=44495"},"modified":"2026-03-16T08:27:41","modified_gmt":"2026-03-16T12:27:41","slug":"cmdi-de-tres-lagoas-divulga-calendario-de-reunioes-ordinarias-para-2026","status":"publish","type":"post","link":"https:\/\/expressaoms.com.br\/index.php\/2026\/03\/16\/cmdi-de-tres-lagoas-divulga-calendario-de-reunioes-ordinarias-para-2026\/","title":{"rendered":"CMDI de Tr\u00eas Lagoas divulga calend\u00e1rio de reuni\u00f5es ordin\u00e1rias para 2026"},"content":{"rendered":"<div class=\"ds-message _63c77b1\">\n<div class=\"ds-markdown\">\n<p class=\"ds-markdown-paragraph\">O\u00a0Conselho Municipal dos Direitos do Idoso (CMDI) de Tr\u00eas Lagoas\u00a0publicou, nesta segunda-feira (16), a\u00a0Resolu\u00e7\u00e3o n\u00ba 001\/CMDI\/2026, que estabelece o cronograma oficial das reuni\u00f5es ordin\u00e1rias do colegiado para o exerc\u00edcio de 2026. A medida visa garantir a transpar\u00eancia e a participa\u00e7\u00e3o da sociedade nas discuss\u00f5es sobre pol\u00edticas p\u00fablicas voltadas \u00e0 popula\u00e7\u00e3o idosa do munic\u00edpio.<\/p>\n<h3>Calend\u00e1rio e periodicidade<\/h3>\n<p class=\"ds-markdown-paragraph\">De acordo com a resolu\u00e7\u00e3o, assinada pelo presidente do conselho, as reuni\u00f5es ordin\u00e1rias ocorrer\u00e3o\u00a0mensalmente, sempre \u00e0s\u00a014 horas, na sede da\u00a0Casa dos Conselhos, localizada na\u00a0Rua Elmano Soares, n\u00ba 670, Centro.<\/p>\n<p class=\"ds-markdown-paragraph\">O cronograma aprovado para 2026 contempla os seguintes dias:<\/p>\n<ul>\n<li>\n<p class=\"ds-markdown-paragraph\"><strong>19 de mar\u00e7o<\/strong>\u00a0(quinta-feira)<\/p>\n<\/li>\n<li>\n<p class=\"ds-markdown-paragraph\"><strong>07 de abril<\/strong>\u00a0(ter\u00e7a-feira)<\/p>\n<\/li>\n<li>\n<p class=\"ds-markdown-paragraph\"><strong>16 de abril<\/strong>\u00a0(quinta-feira)<\/p>\n<\/li>\n<li>\n<p class=\"ds-markdown-paragraph\"><strong>05 de maio<\/strong>\u00a0(ter\u00e7a-feira)<\/p>\n<\/li>\n<li>\n<p class=\"ds-markdown-paragraph\"><strong>21 de maio<\/strong>\u00a0(quinta-feira)<\/p>\n<\/li>\n<li>\n<p class=\"ds-markdown-paragraph\"><strong>18 de junho<\/strong>\u00a0(quinta-feira)<\/p>\n<\/li>\n<li>\n<p class=\"ds-markdown-paragraph\"><strong>16 de julho<\/strong>\u00a0(quinta-feira)<\/p>\n<\/li>\n<li>\n<p class=\"ds-markdown-paragraph\"><strong>20 de agosto<\/strong>\u00a0(quinta-feira)<\/p>\n<\/li>\n<li>\n<p class=\"ds-markdown-paragraph\"><strong>17 de setembro<\/strong>\u00a0(quinta-feira)<\/p>\n<\/li>\n<li>\n<p class=\"ds-markdown-paragraph\"><strong>22 de outubro<\/strong>\u00a0(quinta-feira)<\/p>\n<\/li>\n<li>\n<p class=\"ds-markdown-paragraph\"><strong>19 de novembro<\/strong>\u00a0(quarta-feira)<\/p>\n<\/li>\n<li>\n<p class=\"ds-markdown-paragraph\"><strong>17 de dezembro<\/strong>\u00a0(quinta-feira)<\/p>\n<\/li>\n<\/ul>\n<p class=\"ds-markdown-paragraph\">A resolu\u00e7\u00e3o foi elaborada com base na delibera\u00e7\u00e3o ocorrida durante reuni\u00e3o realizada no dia\u00a05 de mar\u00e7o de 2026, e tem fundamento na\u00a0Lei Municipal n\u00ba 2.148\/2007, que disp\u00f5e sobre a pol\u00edtica municipal do idoso e a cria\u00e7\u00e3o do conselho, e no\u00a0Decreto n\u00ba 1.187\/2025, que regulamenta o funcionamento do colegiado.<\/p>\n<p class=\"ds-markdown-paragraph\">O\u00a0Art. 1\u00ba\u00a0da resolu\u00e7\u00e3o determina a publiciza\u00e7\u00e3o das datas propostas, reafirmando o compromisso do conselho com a transpar\u00eancia e o controle social. As reuni\u00f5es s\u00e3o abertas \u00e0 participa\u00e7\u00e3o da comunidade, entidades representativas e demais interessados nas discuss\u00f5es sobre os direitos e o bem-estar da pessoa idosa no munic\u00edpio.<\/p>\n<p class=\"ds-markdown-paragraph\">A Casa dos Conselhos, sede das reuni\u00f5es, concentra diversos colegiados municipais e est\u00e1 estrategicamente localizada na regi\u00e3o central da cidade, facilitando o acesso da popula\u00e7\u00e3o.<\/p>\n<p class=\"ds-markdown-paragraph\">Conforme o\u00a0Art. 3\u00ba, a resolu\u00e7\u00e3o entra em vigor na data de sua publica\u00e7\u00e3o, que ocorreu na edi\u00e7\u00e3o n\u00ba 4.052 do Di\u00e1rio Oficial dos Munic\u00edpios, publicada pela Associa\u00e7\u00e3o dos Munic\u00edpios de Mato Grosso do Sul (ASSOMASUL).<\/p>\n<p class=\"ds-markdown-paragraph\">O CMDI desempenha papel fundamental na formula\u00e7\u00e3o, delibera\u00e7\u00e3o e fiscaliza\u00e7\u00e3o das pol\u00edticas p\u00fablicas destinadas \u00e0 popula\u00e7\u00e3o com 60 anos ou mais em Tr\u00eas Lagoas. Entre suas atribui\u00e7\u00f5es est\u00e3o o acompanhamento dos servi\u00e7os oferecidos \u00e0 terceira idade, a proposi\u00e7\u00e3o de melhorias e a garantia dos direitos assegurados pelo Estatuto do Idoso e pela legisla\u00e7\u00e3o municipal.<\/p>\n<p class=\"ds-markdown-paragraph\">A popula\u00e7\u00e3o pode acompanhar as reuni\u00f5es e contribuir com sugest\u00f5es comparecendo \u00e0 Casa dos Conselhos nos dias e hor\u00e1rios estabelecidos no cronograma oficial.<\/p>\n<\/div>\n<\/div>\n","protected":false},"excerpt":{"rendered":"<p>O\u00a0Conselho Municipal dos Direitos do Idoso (CMDI) de Tr\u00eas Lagoas\u00a0publicou, nesta segunda-feira (16), a\u00a0Resolu\u00e7\u00e3o n\u00ba 001\/CMDI\/2026, que estabelece o cronograma oficial das reuni\u00f5es ordin\u00e1rias do colegiado para o exerc\u00edcio de 2026. A medida visa garantir a transpar\u00eancia e a participa\u00e7\u00e3o da sociedade nas discuss\u00f5es sobre pol\u00edticas p\u00fablicas voltadas \u00e0 popula\u00e7\u00e3o idosa do munic\u00edpio. Calend\u00e1rio e [&hellip;]<\/p>\n","protected":false},"author":5,"featured_media":44496,"comment_status":"open","ping_status":"open","sticky":false,"template":"","format":"standard","meta":{"om_disable_all_campaigns":false,"_monsterinsights_skip_tracking":false,"_monsterinsights_sitenote_active":false,"_monsterinsights_sitenote_note":"","_monsterinsights_sitenote_category":0,"footnotes":""},"categories":[30,266,193,48],"tags":[],"aioseo_notices":[],"_links":{"self":[{"href":"https:\/\/expressaoms.com.br\/index.php\/wp-json\/wp\/v2\/posts\/44495"}],"collection":[{"href":"https:\/\/expressaoms.com.br\/index.php\/wp-json\/wp\/v2\/posts"}],"about":[{"href":"https:\/\/expressaoms.com.br\/index.php\/wp-json\/wp\/v2\/types\/post"}],"author":[{"embeddable":true,"href":"https:\/\/expressaoms.com.br\/index.php\/wp-json\/wp\/v2\/users\/5"}],"replies":[{"embeddable":true,"href":"https:\/\/expressaoms.com.br\/index.php\/wp-json\/wp\/v2\/comments?post=44495"}],"version-history":[{"count":1,"href":"https:\/\/expressaoms.com.br\/index.php\/wp-json\/wp\/v2\/posts\/44495\/revisions"}],"predecessor-version":[{"id":44497,"href":"https:\/\/expressaoms.com.br\/index.php\/wp-json\/wp\/v2\/posts\/44495\/revisions\/44497"}],"wp:featuredmedia":[{"embeddable":true,"href":"https:\/\/expressaoms.com.br\/index.php\/wp-json\/wp\/v2\/media\/44496"}],"wp:attachment":[{"href":"https:\/\/expressaoms.com.br\/index.php\/wp-json\/wp\/v2\/media?parent=44495"}],"wp:term":[{"taxonomy":"category","embeddable":true,"href":"https:\/\/expressaoms.com.br\/index.php\/wp-json\/wp\/v2\/categories?post=44495"},{"taxonomy":"post_tag","embeddable":true,"href":"https:\/\/expressaoms.com.br\/index.php\/wp-json\/wp\/v2\/tags?post=44495"}],"curies":[{"name":"wp","href":"https:\/\/api.w.org\/{rel}","templated":true}]}}