{"id":44498,"date":"2026-03-16T08:36:30","date_gmt":"2026-03-16T12:36:30","guid":{"rendered":"https:\/\/expressaoms.com.br\/?p=44498"},"modified":"2026-03-16T08:36:30","modified_gmt":"2026-03-16T12:36:30","slug":"inmet-emite-alerta-de-chuvas-intensas-para-tres-lagoas","status":"publish","type":"post","link":"https:\/\/expressaoms.com.br\/index.php\/2026\/03\/16\/inmet-emite-alerta-de-chuvas-intensas-para-tres-lagoas\/","title":{"rendered":"Inmet emite alerta de chuvas intensas para Tr\u00eas Lagoas"},"content":{"rendered":"<div class=\"ds-message _63c77b1\">\n<div class=\"ds-markdown\">\n<p class=\"ds-markdown-paragraph\">Tr\u00eas Lagoas est\u00e1 sob alerta de\u00a0perigo potencial para chuvas intensas\u00a0nesta segunda-feira (16), conforme aviso emitido pelo\u00a0Instituto Nacional de Meteorologia (Inmet). O comunicado come\u00e7ou a valer \u00e0\u00a00h01\u00a0e segue at\u00e9 as\u00a023h59\u00a0de hoje, abrangendo todo o per\u00edmetro urbano e rural do munic\u00edpio.<\/p>\n<p class=\"ds-markdown-paragraph\">De acordo com o alerta, a previs\u00e3o \u00e9 de chuva entre\u00a020 e 30 mil\u00edmetros por hora, podendo acumular at\u00e9\u00a050 mil\u00edmetros ao longo do dia. Os ventos devem variar entre\u00a040 e 60 km\/h, com possibilidade de rajadas mais intensas durante as pancadas.<\/p>\n<p class=\"ds-markdown-paragraph\">O \u00f3rg\u00e3o meteorol\u00f3gico classifica o risco como\u00a0baixo\u00a0para ocorr\u00eancias de maior gravidade, mas n\u00e3o descarta a possibilidade de:<\/p>\n<ul>\n<li>\n<p class=\"ds-markdown-paragraph\">Corte de energia el\u00e9trica<\/p>\n<\/li>\n<li>\n<p class=\"ds-markdown-paragraph\">Queda de galhos de \u00e1rvores<\/p>\n<\/li>\n<li>\n<p class=\"ds-markdown-paragraph\">Alagamentos pontuais<\/p>\n<\/li>\n<li>\n<p class=\"ds-markdown-paragraph\">Descargas el\u00e9tricas (raios)<\/p>\n<\/li>\n<\/ul>\n<p class=\"ds-markdown-paragraph\">Enquanto o Inmet projeta volumes mais expressivos, o\u00a0Climatempo\u00a0indica um cen\u00e1rio ligeiramente diferente para o munic\u00edpio. Segundo a plataforma, a segunda-feira ser\u00e1 de\u00a0sol com muitas nuvens\u00a0e pancadas de chuva especialmente durante a tarde e \u00e0 noite. As temperaturas devem variar entre\u00a022\u00b0C e 32\u00b0C, com\u00a052% de chance de chuva\u00a0e volume estimado em\u00a02,6 mil\u00edmetros.<\/p>\n<p class=\"ds-markdown-paragraph\">Apesar da diverg\u00eancia nos n\u00fameros, ambas as fontes concordam quanto \u00e0 possibilidade de\u00a0trovoadas nos per\u00edodos da tarde e da noite, exigindo aten\u00e7\u00e3o redobrada da popula\u00e7\u00e3o.<\/p>\n<p class=\"ds-markdown-paragraph\">Diante do alerta, a Defesa Civil e os \u00f3rg\u00e3os de meteorologia refor\u00e7am as seguintes recomenda\u00e7\u00f5es \u00e0 popula\u00e7\u00e3o:<\/p>\n<ul>\n<li>\n<p class=\"ds-markdown-paragraph\">Evite se abrigar debaixo de \u00e1rvores\u00a0durante rajadas de vento, pois h\u00e1 risco de queda e descargas el\u00e9tricas;<\/p>\n<\/li>\n<li>\n<p class=\"ds-markdown-paragraph\">N\u00e3o estacione ve\u00edculos pr\u00f3ximos a torres de transmiss\u00e3o\u00a0e placas de propaganda, que podem cair com o vento;<\/p>\n<\/li>\n<li>\n<p class=\"ds-markdown-paragraph\">Evite o uso de aparelhos eletr\u00f4nicos ligados \u00e0 tomada\u00a0durante tempestades com raios;<\/p>\n<\/li>\n<li>\n<p class=\"ds-markdown-paragraph\">Redobre a aten\u00e7\u00e3o em \u00e1reas de alagamento e evite atravessar ruas inundadas;<\/p>\n<\/li>\n<li>\n<p class=\"ds-markdown-paragraph\">Mantenha-se informado sobre atualiza\u00e7\u00f5es da previs\u00e3o do tempo ao longo do dia.<\/p>\n<\/li>\n<\/ul>\n<p class=\"ds-markdown-paragraph\">Em caso de emerg\u00eancias, a popula\u00e7\u00e3o pode acionar a\u00a0Defesa Civil\u00a0pelo telefone 199 ou o\u00a0Corpo de Bombeiros\u00a0pelo 193. Mais informa\u00e7\u00f5es sobre o alerta podem ser acompanhadas pelos canais oficiais do Inmet e da Prefeitura Municipal.<\/p>\n<p class=\"ds-markdown-paragraph\">O alerta segue v\u00e1lido at\u00e9 o fim do dia, e a tend\u00eancia \u00e9 de melhora nas condi\u00e7\u00f5es clim\u00e1ticas a partir da ter\u00e7a-feira (17).<\/p>\n<\/div>\n<\/div>\n<div class=\"ds-theme\"><\/div>\n<div class=\"ds-flex _0a3d93b\">\n<div class=\"ds-flex _965abe9 _54866f7\">\n<div class=\"db183363 ds-icon-button ds-icon-button--m ds-icon-button--sizing-container\" tabindex=\"0\" role=\"button\" aria-disabled=\"false\">\n<div class=\"ds-icon-button__hover-bg\"><\/div>\n<div class=\"ds-icon\"><\/div>\n<\/div>\n<\/div>\n<\/div>\n","protected":false},"excerpt":{"rendered":"<p>Tr\u00eas Lagoas est\u00e1 sob alerta de\u00a0perigo potencial para chuvas intensas\u00a0nesta segunda-feira (16), conforme aviso emitido pelo\u00a0Instituto Nacional de Meteorologia (Inmet). O comunicado come\u00e7ou a valer \u00e0\u00a00h01\u00a0e segue at\u00e9 as\u00a023h59\u00a0de hoje, abrangendo todo o per\u00edmetro urbano e rural do munic\u00edpio. De acordo com o alerta, a previs\u00e3o \u00e9 de chuva entre\u00a020 e 30 mil\u00edmetros por hora, [&hellip;]<\/p>\n","protected":false},"author":5,"featured_media":44499,"comment_status":"open","ping_status":"open","sticky":false,"template":"","format":"standard","meta":{"om_disable_all_campaigns":false,"_monsterinsights_skip_tracking":false,"_monsterinsights_sitenote_active":false,"_monsterinsights_sitenote_note":"","_monsterinsights_sitenote_category":0,"footnotes":""},"categories":[30,266,193,48],"tags":[],"aioseo_notices":[],"_links":{"self":[{"href":"https:\/\/expressaoms.com.br\/index.php\/wp-json\/wp\/v2\/posts\/44498"}],"collection":[{"href":"https:\/\/expressaoms.com.br\/index.php\/wp-json\/wp\/v2\/posts"}],"about":[{"href":"https:\/\/expressaoms.com.br\/index.php\/wp-json\/wp\/v2\/types\/post"}],"author":[{"embeddable":true,"href":"https:\/\/expressaoms.com.br\/index.php\/wp-json\/wp\/v2\/users\/5"}],"replies":[{"embeddable":true,"href":"https:\/\/expressaoms.com.br\/index.php\/wp-json\/wp\/v2\/comments?post=44498"}],"version-history":[{"count":1,"href":"https:\/\/expressaoms.com.br\/index.php\/wp-json\/wp\/v2\/posts\/44498\/revisions"}],"predecessor-version":[{"id":44500,"href":"https:\/\/expressaoms.com.br\/index.php\/wp-json\/wp\/v2\/posts\/44498\/revisions\/44500"}],"wp:featuredmedia":[{"embeddable":true,"href":"https:\/\/expressaoms.com.br\/index.php\/wp-json\/wp\/v2\/media\/44499"}],"wp:attachment":[{"href":"https:\/\/expressaoms.com.br\/index.php\/wp-json\/wp\/v2\/media?parent=44498"}],"wp:term":[{"taxonomy":"category","embeddable":true,"href":"https:\/\/expressaoms.com.br\/index.php\/wp-json\/wp\/v2\/categories?post=44498"},{"taxonomy":"post_tag","embeddable":true,"href":"https:\/\/expressaoms.com.br\/index.php\/wp-json\/wp\/v2\/tags?post=44498"}],"curies":[{"name":"wp","href":"https:\/\/api.w.org\/{rel}","templated":true}]}}