{"id":44511,"date":"2026-03-16T13:10:46","date_gmt":"2026-03-16T17:10:46","guid":{"rendered":"https:\/\/expressaoms.com.br\/?p=44511"},"modified":"2026-03-16T09:11:46","modified_gmt":"2026-03-16T13:11:46","slug":"semea-divulga-programacao-da-semana-da-agua-em-tres-lagoas","status":"publish","type":"post","link":"https:\/\/expressaoms.com.br\/index.php\/2026\/03\/16\/semea-divulga-programacao-da-semana-da-agua-em-tres-lagoas\/","title":{"rendered":"SEMEA divulga programa\u00e7\u00e3o da Semana da \u00c1gua em Tr\u00eas Lagoas"},"content":{"rendered":"<p>A Prefeitura de Tr\u00eas Lagoas, por meio da Secretaria Municipal de Meio Ambiente e Agroneg\u00f3cio (SEMEA), divulgou a programa\u00e7\u00e3o oficial da Semana da \u00c1gua 2026, que ser\u00e1 realizada entre os dias 23 e 27 de mar\u00e7o. A iniciativa tem como objetivo promover a\u00e7\u00f5es de conscientiza\u00e7\u00e3o ambiental, educa\u00e7\u00e3o e incentivo ao uso respons\u00e1vel dos recursos h\u00eddricos.<\/p>\n<p>Durante a semana, ser\u00e3o desenvolvidas atividades educativas e visitas t\u00e9cnicas com a participa\u00e7\u00e3o de estudantes da rede municipal de ensino e integrantes de projetos sociais do munic\u00edpio.<\/p>\n<p><strong>AGENDA<\/strong><\/p>\n<p>A programa\u00e7\u00e3o tem in\u00edcio na segunda-feira, 23 de mar\u00e7o, \u00e0s 8h, com uma Blitz Educativa, realizada em parceria com a Secretaria Municipal de Sa\u00fade (SMS), por meio da Vigil\u00e2ncia em Sa\u00fade Ambiental. A a\u00e7\u00e3o busca orientar a popula\u00e7\u00e3o sobre a import\u00e2ncia da preserva\u00e7\u00e3o da \u00e1gua e do meio ambiente.<\/p>\n<p>J\u00e1 na quarta-feira, 25 de mar\u00e7o, ser\u00e3o realizadas duas atividades. \u00c0s 8h e \u00e0s 14h, alunos do 5\u00ba ano da Escola Municipal \u201cMarlene de Noronha\u201d e crian\u00e7as do Servi\u00e7o de Conviv\u00eancia e Fortalecimento de V\u00ednculos (SCFV) Florestinha participar\u00e3o de uma visita aos laborat\u00f3rios da Universidade Federal de Mato Grosso do Sul (UFMS), Campus II, onde ter\u00e3o contato com atividades voltadas \u00e0 pesquisa e \u00e0 preserva\u00e7\u00e3o ambiental.<\/p>\n<p>Encerrando a programa\u00e7\u00e3o, na sexta-feira, 27 de mar\u00e7o, tamb\u00e9m \u00e0s 8h e \u00e0s 14h, alunos do Centro Juvenil Jesus Adolescente, participantes do Projeto Programando Futuro, far\u00e3o uma visita t\u00e9cnica \u00e0 ETE Jupi\u00e1, ampliando o conhecimento sobre o funcionamento do sistema de tratamento e a import\u00e2ncia da preserva\u00e7\u00e3o dos recursos h\u00eddricos.<\/p>\n","protected":false},"excerpt":{"rendered":"<p>A Prefeitura de Tr\u00eas Lagoas, por meio da Secretaria Municipal de Meio Ambiente e Agroneg\u00f3cio (SEMEA), divulgou a programa\u00e7\u00e3o oficial da Semana da \u00c1gua 2026, que ser\u00e1 realizada entre os dias 23 e 27 de mar\u00e7o. A iniciativa tem como objetivo promover a\u00e7\u00f5es de conscientiza\u00e7\u00e3o ambiental, educa\u00e7\u00e3o e incentivo ao uso respons\u00e1vel dos recursos h\u00eddricos. [&hellip;]<\/p>\n","protected":false},"author":5,"featured_media":44512,"comment_status":"open","ping_status":"open","sticky":false,"template":"","format":"standard","meta":{"om_disable_all_campaigns":false,"_monsterinsights_skip_tracking":false,"_monsterinsights_sitenote_active":false,"_monsterinsights_sitenote_note":"","_monsterinsights_sitenote_category":0,"footnotes":""},"categories":[30,36,266,193,48],"tags":[],"aioseo_notices":[],"_links":{"self":[{"href":"https:\/\/expressaoms.com.br\/index.php\/wp-json\/wp\/v2\/posts\/44511"}],"collection":[{"href":"https:\/\/expressaoms.com.br\/index.php\/wp-json\/wp\/v2\/posts"}],"about":[{"href":"https:\/\/expressaoms.com.br\/index.php\/wp-json\/wp\/v2\/types\/post"}],"author":[{"embeddable":true,"href":"https:\/\/expressaoms.com.br\/index.php\/wp-json\/wp\/v2\/users\/5"}],"replies":[{"embeddable":true,"href":"https:\/\/expressaoms.com.br\/index.php\/wp-json\/wp\/v2\/comments?post=44511"}],"version-history":[{"count":1,"href":"https:\/\/expressaoms.com.br\/index.php\/wp-json\/wp\/v2\/posts\/44511\/revisions"}],"predecessor-version":[{"id":44513,"href":"https:\/\/expressaoms.com.br\/index.php\/wp-json\/wp\/v2\/posts\/44511\/revisions\/44513"}],"wp:featuredmedia":[{"embeddable":true,"href":"https:\/\/expressaoms.com.br\/index.php\/wp-json\/wp\/v2\/media\/44512"}],"wp:attachment":[{"href":"https:\/\/expressaoms.com.br\/index.php\/wp-json\/wp\/v2\/media?parent=44511"}],"wp:term":[{"taxonomy":"category","embeddable":true,"href":"https:\/\/expressaoms.com.br\/index.php\/wp-json\/wp\/v2\/categories?post=44511"},{"taxonomy":"post_tag","embeddable":true,"href":"https:\/\/expressaoms.com.br\/index.php\/wp-json\/wp\/v2\/tags?post=44511"}],"curies":[{"name":"wp","href":"https:\/\/api.w.org\/{rel}","templated":true}]}}