{"id":44515,"date":"2026-03-16T11:30:44","date_gmt":"2026-03-16T15:30:44","guid":{"rendered":"https:\/\/expressaoms.com.br\/?p=44515"},"modified":"2026-03-16T11:30:44","modified_gmt":"2026-03-16T15:30:44","slug":"pesquisa-aponta-lideranca-de-riedel-na-disputa-pelo-governo-de-ms","status":"publish","type":"post","link":"https:\/\/expressaoms.com.br\/index.php\/2026\/03\/16\/pesquisa-aponta-lideranca-de-riedel-na-disputa-pelo-governo-de-ms\/","title":{"rendered":"Pesquisa aponta lideran\u00e7a de Riedel na disputa pelo governo de MS"},"content":{"rendered":"<p>Pesquisa de inten\u00e7\u00f5es de votos para governador de Mato Grosso do Sul, registrada sob os n\u00fameros BR-02995\/2026 e MS-00334\/2026, contratada pelo Correio do Estado e realizada pelo Instituto de Pesquisa Resultado (IPR) no per\u00edodo de 5 a 9 de mar\u00e7o deste ano, apontou que o governador Eduardo Riedel (PP) lidera com uma ampla vantagem a disputa pela cadeira de chefe do Executivo estadual. \u00c9 a primeira pesquisa do ano de uma s\u00e9rie de levantamentos.<\/p>\n<p>No cen\u00e1rio estimulado, Riedel aparece com 47,83% das inten\u00e7\u00f5es de votos, seguido bem de longe pelo ex-deputado federal F\u00e1bio Trad (PT), com 14,41%, e pelo deputado estadual Jo\u00e3o Henrique Catan (Novo), com 4,85%. Dos entrevistados, 2,30% disseram que votariam em branco ou anulariam os votos, 13,27% falaram que n\u00e3o votariam em nenhum deles e 17,35% declararam que n\u00e3o sabem ou n\u00e3o quiseram responder.<\/p>\n<h2>Pesquisa estimulada para o governo de MS<\/h2>\n<p>Eduardo Riedel (PP) &#8211; 47,83%<br \/>\nF\u00e1bio\u00a0Trad (PT) &#8211; 14,41%<br \/>\nJo\u00e3o Henrique Catan (Novo) &#8211; 4,85%<br \/>\nBranco\/Nulo &#8211; 2,3%<br \/>\nNenhum deles &#8211; 13,27%<br \/>\nN\u00e3o sabe \/ n\u00e3o quis responder &#8211; 17,35%<\/p>\n<p>Na pesquisa espont\u00e2nea, quando \u00e9 feita a pergunta aos entrevistados e n\u00e3o \u00e9 dada nenhuma alternativa para resposta, a lideran\u00e7a ainda \u00e9 de Riedel, com 14,29% das inten\u00e7\u00f5es de votos, seguido por Andr\u00e9 Puccinelli (MDB), com 0,89%, e F\u00e1bio Trad, com 0,77%.<\/p>\n<p>Mais atr\u00e1s est\u00e3o Reinaldo Azambuja (PL), com 0,26%, Rose Modesto (Uni\u00e3o Brasil), com 0,26%, Ronaldo Caiado (PSD-GO), com 0,13%, Capit\u00e3o Contar (PL), com 0,13%, Junior Mochi (MDB), com 0,13%, Marcos Pollon (PL), com 0,13%, Zeca do PT, com 0,13%. Dos entrevistados, 82,91% n\u00e3o sabem ou n\u00e3o quiseram responder.<\/p>\n<p>A pesquisa IPR tamb\u00e9m levantou a rejei\u00e7\u00e3o dos pr\u00e9-candidatos a governador de Mato Grosso do Sul, e F\u00e1bio Trad lidera, com 24,74%, seguido por Catan, com 14,29%, e Riedel, com 6,89%.<\/p>\n<p>Al\u00e9m disso, 25,64% dos entrevistados n\u00e3o rejeitam nenhum deles, 14,41% rejeitam todos e 1,79% disse que votaria em branco ou anularia o voto, enquanto 12,24% n\u00e3o sabem ou n\u00e3o quiseram responder.<\/p>\n<p>Com intervalo de confian\u00e7a de 95% e margem de erro de 3,5 pontos porcentuais, para mais ou para menos, a pesquisa ouviu 784 pessoas com 16 anos ou mais de idade, distribu\u00eddas por 17 munic\u00edpios, que representam 68% do total de 1,8 milh\u00e3o de eleitores sul-mato-grossense, ou seja, 1,2 milh\u00e3o de eleitores. Ao ser realizado nessas localidades, o levantamento cobre a maior parte da capacidade eleitoral estadual, oferecendo uma fotografia extremamente fiel do cen\u00e1rio real, j\u00e1 que os pequenos munic\u00edpios t\u00eam baixo peso estat\u00edstico.<\/p>\n<h2>An\u00e1lise<\/h2>\n<p>Segundo o diretor do IPR, Aruaque Fressato Barbosa, a pesquisa indica um cen\u00e1rio de ampla vantagem para Riedel, que aparece com quase metade das inten\u00e7\u00f5es de voto no cen\u00e1rio estimulado.<\/p>\n<p>&#8220;Esse patamar sugere alto n\u00edvel de consolida\u00e7\u00e3o eleitoral neste momento do ciclo pol\u00edtico, especialmente considerando a dist\u00e2ncia para os demais concorrentes. A diferen\u00e7a entre o l\u00edder e o segundo colocado, superior a 30 pontos porcentuais, demonstra que a disputa, neste est\u00e1gio, apresenta caracter\u00edsticas de elei\u00e7\u00e3o desequilibrada, com um candidato ocupando posi\u00e7\u00e3o dominante no eleitorado&#8221;, analisou.<\/p>\n<p>Ele completou que F\u00e1bio Trad aparece como o principal nome da oposi\u00e7\u00e3o, ainda que em um patamar distante da lideran\u00e7a, enquanto Catan surge com porcentual menor, com pouca representatividade e sendo escolhido apenas por uma parcela pequena, indicando uma base eleitoral ainda restrita.<\/p>\n<p>&#8220;Outro ponto relevante \u00e9 o contingente de eleitores que n\u00e3o escolheram nenhum candidato ou permanecem indecisos, que soma aproximadamente 32% do eleitorado, quando considerados juntos. Esse grupo representa um espa\u00e7o potencial de disputa eleitoral, embora a vantagem do l\u00edder indique uma base bastante consolidada&#8221;, falou.<\/p>\n<p>Sobre a an\u00e1lise da rejei\u00e7\u00e3o, Aruaque Barbosa comentou que o resultado refor\u00e7a o cen\u00e1rio observado na inten\u00e7\u00e3o de votos. &#8220;Riedel, al\u00e9m de liderar a disputa, apresenta o menor \u00edndice de rejei\u00e7\u00e3o entre os tr\u00eas, o que indica maior capacidade potencial de crescimento eleitoral e menor resist\u00eancia entre os eleitores&#8221;, assegurou.<\/p>\n<p>De acordo com o diretor do IPR, F\u00e1bio Trad, por outro lado, registra o maior n\u00edvel de rejei\u00e7\u00e3o entre os candidatos, o que pode representar um obst\u00e1culo para a expans\u00e3o de sua candidatura al\u00e9m de sua base atual de apoio, enquanto Catan tem um n\u00edvel intermedi\u00e1rio de rejei\u00e7\u00e3o, indicando presen\u00e7a em uma bolha do eleitorado que se identifica com suas propostas, mas ainda com desafios para ampliar sua competitividade.<\/p>\n<pre>Com Correio do Estado<\/pre>\n","protected":false},"excerpt":{"rendered":"<p>Pesquisa de inten\u00e7\u00f5es de votos para governador de Mato Grosso do Sul, registrada sob os n\u00fameros BR-02995\/2026 e MS-00334\/2026, contratada pelo Correio do Estado e realizada pelo Instituto de Pesquisa Resultado (IPR) no per\u00edodo de 5 a 9 de mar\u00e7o deste ano, apontou que o governador Eduardo Riedel (PP) lidera com uma ampla vantagem a [&hellip;]<\/p>\n","protected":false},"author":3,"featured_media":44516,"comment_status":"open","ping_status":"open","sticky":false,"template":"","format":"standard","meta":{"om_disable_all_campaigns":false,"_monsterinsights_skip_tracking":false,"_monsterinsights_sitenote_active":false,"_monsterinsights_sitenote_note":"","_monsterinsights_sitenote_category":0,"footnotes":""},"categories":[27,266,42],"tags":[],"aioseo_notices":[],"_links":{"self":[{"href":"https:\/\/expressaoms.com.br\/index.php\/wp-json\/wp\/v2\/posts\/44515"}],"collection":[{"href":"https:\/\/expressaoms.com.br\/index.php\/wp-json\/wp\/v2\/posts"}],"about":[{"href":"https:\/\/expressaoms.com.br\/index.php\/wp-json\/wp\/v2\/types\/post"}],"author":[{"embeddable":true,"href":"https:\/\/expressaoms.com.br\/index.php\/wp-json\/wp\/v2\/users\/3"}],"replies":[{"embeddable":true,"href":"https:\/\/expressaoms.com.br\/index.php\/wp-json\/wp\/v2\/comments?post=44515"}],"version-history":[{"count":1,"href":"https:\/\/expressaoms.com.br\/index.php\/wp-json\/wp\/v2\/posts\/44515\/revisions"}],"predecessor-version":[{"id":44517,"href":"https:\/\/expressaoms.com.br\/index.php\/wp-json\/wp\/v2\/posts\/44515\/revisions\/44517"}],"wp:featuredmedia":[{"embeddable":true,"href":"https:\/\/expressaoms.com.br\/index.php\/wp-json\/wp\/v2\/media\/44516"}],"wp:attachment":[{"href":"https:\/\/expressaoms.com.br\/index.php\/wp-json\/wp\/v2\/media?parent=44515"}],"wp:term":[{"taxonomy":"category","embeddable":true,"href":"https:\/\/expressaoms.com.br\/index.php\/wp-json\/wp\/v2\/categories?post=44515"},{"taxonomy":"post_tag","embeddable":true,"href":"https:\/\/expressaoms.com.br\/index.php\/wp-json\/wp\/v2\/tags?post=44515"}],"curies":[{"name":"wp","href":"https:\/\/api.w.org\/{rel}","templated":true}]}}