{"id":44521,"date":"2026-03-16T14:22:57","date_gmt":"2026-03-16T18:22:57","guid":{"rendered":"https:\/\/expressaoms.com.br\/?p=44521"},"modified":"2026-03-16T13:24:11","modified_gmt":"2026-03-16T17:24:11","slug":"avenida-aldair-rosa-de-oliveira-na-lagoa-maior-ja-esta-recebendo-recapeamento","status":"publish","type":"post","link":"https:\/\/expressaoms.com.br\/index.php\/2026\/03\/16\/avenida-aldair-rosa-de-oliveira-na-lagoa-maior-ja-esta-recebendo-recapeamento\/","title":{"rendered":"Avenida Aldair Rosa de Oliveira, na Lagoa Maior, j\u00e1 est\u00e1 recebendo recapeamento"},"content":{"rendered":"<p>A Prefeitura de Tr\u00eas Lagoas, por meio da Secretaria Municipal de Infraestrutura, Transporte e Tr\u00e2nsito (SEINTRA), atrav\u00e9s do Departamento de Servi\u00e7os P\u00fablicos (DSP), j\u00e1 deu in\u00edcio, nesta segunda-feira, 16 de mar\u00e7o, \u00e0s obras de recapeamento no trecho da Rua Aldair Rosa de Oliveira, conhecida como Circular da Lagoa Maior.<\/p>\n<p>Os trabalhos come\u00e7aram pelo trecho pr\u00f3ximo \u00e0 Pol\u00edcia Rodovi\u00e1ria Federal (PRF) e seguem no sentido do Hotel OT, contemplando aproximadamente 720 metros de extens\u00e3o, com largura m\u00e9dia de 8 metros e \u00e1rea estimada de 5.760 m\u00b2 de pavimento recuperado.<\/p>\n<p>A obra est\u00e1 sendo executada por etapas, com interdi\u00e7\u00f5es pontuais apenas nos locais onde as equipes est\u00e3o atuando, evitando o bloqueio total da via e reduzindo os impactos no tr\u00e2nsito da regi\u00e3o.<\/p>\n<p>Durante a execu\u00e7\u00e3o dos servi\u00e7os, a Prefeitura orienta que motoristas redobrem a aten\u00e7\u00e3o ao trafegar pelo local e, sempre que poss\u00edvel, utilizem rotas alternativas, contribuindo para a seguran\u00e7a dos trabalhadores e para a agilidade na realiza\u00e7\u00e3o da obra.<\/p>\n<p>A a\u00e7\u00e3o faz parte do cronograma cont\u00ednuo de manuten\u00e7\u00e3o e melhoria da malha vi\u00e1ria do munic\u00edpio, garantindo mais seguran\u00e7a, conforto e durabilidade ao pavimento em uma das vias de grande circula\u00e7\u00e3o da cidade.<\/p>\n","protected":false},"excerpt":{"rendered":"<p>A Prefeitura de Tr\u00eas Lagoas, por meio da Secretaria Municipal de Infraestrutura, Transporte e Tr\u00e2nsito (SEINTRA), atrav\u00e9s do Departamento de Servi\u00e7os P\u00fablicos (DSP), j\u00e1 deu in\u00edcio, nesta segunda-feira, 16 de mar\u00e7o, \u00e0s obras de recapeamento no trecho da Rua Aldair Rosa de Oliveira, conhecida como Circular da Lagoa Maior. Os trabalhos come\u00e7aram pelo trecho pr\u00f3ximo [&hellip;]<\/p>\n","protected":false},"author":5,"featured_media":44522,"comment_status":"open","ping_status":"open","sticky":false,"template":"","format":"standard","meta":{"om_disable_all_campaigns":false,"_monsterinsights_skip_tracking":false,"_monsterinsights_sitenote_active":false,"_monsterinsights_sitenote_note":"","_monsterinsights_sitenote_category":0,"footnotes":""},"categories":[30,266,193,48],"tags":[],"aioseo_notices":[],"_links":{"self":[{"href":"https:\/\/expressaoms.com.br\/index.php\/wp-json\/wp\/v2\/posts\/44521"}],"collection":[{"href":"https:\/\/expressaoms.com.br\/index.php\/wp-json\/wp\/v2\/posts"}],"about":[{"href":"https:\/\/expressaoms.com.br\/index.php\/wp-json\/wp\/v2\/types\/post"}],"author":[{"embeddable":true,"href":"https:\/\/expressaoms.com.br\/index.php\/wp-json\/wp\/v2\/users\/5"}],"replies":[{"embeddable":true,"href":"https:\/\/expressaoms.com.br\/index.php\/wp-json\/wp\/v2\/comments?post=44521"}],"version-history":[{"count":1,"href":"https:\/\/expressaoms.com.br\/index.php\/wp-json\/wp\/v2\/posts\/44521\/revisions"}],"predecessor-version":[{"id":44523,"href":"https:\/\/expressaoms.com.br\/index.php\/wp-json\/wp\/v2\/posts\/44521\/revisions\/44523"}],"wp:featuredmedia":[{"embeddable":true,"href":"https:\/\/expressaoms.com.br\/index.php\/wp-json\/wp\/v2\/media\/44522"}],"wp:attachment":[{"href":"https:\/\/expressaoms.com.br\/index.php\/wp-json\/wp\/v2\/media?parent=44521"}],"wp:term":[{"taxonomy":"category","embeddable":true,"href":"https:\/\/expressaoms.com.br\/index.php\/wp-json\/wp\/v2\/categories?post=44521"},{"taxonomy":"post_tag","embeddable":true,"href":"https:\/\/expressaoms.com.br\/index.php\/wp-json\/wp\/v2\/tags?post=44521"}],"curies":[{"name":"wp","href":"https:\/\/api.w.org\/{rel}","templated":true}]}}