{"id":44524,"date":"2026-03-16T15:24:28","date_gmt":"2026-03-16T19:24:28","guid":{"rendered":"https:\/\/expressaoms.com.br\/?p=44524"},"modified":"2026-03-16T13:25:45","modified_gmt":"2026-03-16T17:25:45","slug":"mais-de-5-mil-pessoas-prestigiaram-novo-formato-do-a-rua-e-nossa-na-lagoa-maior","status":"publish","type":"post","link":"https:\/\/expressaoms.com.br\/index.php\/2026\/03\/16\/mais-de-5-mil-pessoas-prestigiaram-novo-formato-do-a-rua-e-nossa-na-lagoa-maior\/","title":{"rendered":"Mais de 5 mil pessoas prestigiaram novo formato do \u201cA Rua \u00c9 Nossa\u201d na Lagoa Maior"},"content":{"rendered":"<p>Considerada um dos principais cart\u00f5es-postais do munic\u00edpio, a Lagoa Maior virou palco do projeto \u201cA Rua \u00c9 Nossa\u201d ao longo de toda a tarde de domingo, 15 de mar\u00e7o, abrindo espa\u00e7o seguro que toda a fam\u00edlia possa aproveitar uma programa\u00e7\u00e3o diversificada, marcada por lazer, cultura e entretenimento, reunindo cerca de 5 mil pessoas na Lagoa Maior..<\/p>\n<p>A programa\u00e7\u00e3o contou com apresenta\u00e7\u00f5es culturais, dan\u00e7a e m\u00fasica ao vivo, com shows de Dan Pierre, Lucas Melo e o Marcos Assun\u00e7\u00e3o que \u00e9 um renomado instrumentista, compositor e arranjador da capital sul-mato-grossense. As crian\u00e7as tamb\u00e9m tiveram espa\u00e7o garantido com atividades recreativas, enquanto a feira de artesanato e a pra\u00e7a de alimenta\u00e7\u00e3o completaram o ambiente de conviv\u00eancia.<\/p>\n<p>Al\u00e9m dos quiosques j\u00e1 tradicionais no entorno da lagoa, esta edi\u00e7\u00e3o trouxe uma novidade: a presen\u00e7a de diversos food trucks, que ampliaram as op\u00e7\u00f5es gastron\u00f4micas dispon\u00edveis ao p\u00fablico e contribu\u00edram para movimentar ainda mais o evento.<\/p>\n<p>Idealizado pela Diretoria Municipal de Turismo da Secretaria Municipal de Turismo e Cultura (SETURC), o projeto contou com o apoio e a participa\u00e7\u00e3o de diversas pastas da administra\u00e7\u00e3o municipal, entre elas as secretarias de Meio Ambiente, Infraestrutura, Sa\u00fade, Desenvolvimento Econ\u00f4mico, Assist\u00eancia Social e Esporte. A uni\u00e3o entre as secretarias refor\u00e7a a proposta de oferecer momentos de lazer, conviv\u00eancia e valoriza\u00e7\u00e3o dos espa\u00e7os p\u00fablicos para a popula\u00e7\u00e3o.<\/p>\n<p>A abertura oficial aconteceu \u00e0s 17h e contou com a presen\u00e7a do prefeito Dr. Cassiano Maia, da primeira-dama Kelly Maia, do vereador M\u00e1rio Grespan, do secret\u00e1rio de Assist\u00eancia Social Fernando Garcia, do secret\u00e1rio de Esporte Walter Dias, do secret\u00e1rio de Desenvolvimento Marcos Ant\u00f4nio Gomes J\u00fanior, da secret\u00e1ria de Meio Ambiente Mariana Amaral, do secret\u00e1rio de Turismo e Cultura St\u00eanio Congro e da chefe de gabinete Luisa Mas.<\/p>\n<p>Durante o evento, o prefeito Dr. Cassiano Maia destacou a import\u00e2ncia da iniciativa para fortalecer o turismo local, valorizar os artistas da cidade e incentivar a economia. \u201c\u00c9 muito importante proporcionar momentos de lazer para a nossa popula\u00e7\u00e3o, fomentar o turismo e movimentar a economia local em um dos principais cart\u00f5es-postais da nossa cidade. Tamb\u00e9m queremos valorizar nossos artistas e garantir que as fam\u00edlias tr\u00eas-lagoenses tenham momentos seguros de conviv\u00eancia e qualidade de vida. Estamos abertos a ouvir a popula\u00e7\u00e3o para que, juntos, possamos aprimorar cada vez mais o projeto e construir um Rua \u00e9 Nossa cada vez mais organizado, seguro e para todos\u201d, afirmou.<\/p>\n<p>Outro ponto destacado foi o refor\u00e7o na seguran\u00e7a. O evento contou com a presen\u00e7a da Pol\u00edcia Militar, al\u00e9m de equipes de seguran\u00e7a privada, garantindo tranquilidade para que as fam\u00edlias pudessem aproveitar a programa\u00e7\u00e3o com conforto e seguran\u00e7a.<\/p>\n<p>O pr\u00f3ximo encontro do Rua \u00e9 Nossa j\u00e1 est\u00e1 confirmado: ser\u00e1 no dia 29 de mar\u00e7o, novamente na Lagoa Maior, com novas atra\u00e7\u00f5es, shows e atividades voltadas para toda a comunidade.<\/p>\n<div id=\"wg_162759_17736818549888\" class=\"woowgallery-wrapper wg-id-162759 type-woowgallery\">\n<div class=\"woowgallery-amron\">\n<div class=\"woow-gal-amron-masonry-collection\">\n<div class=\"woow-gal-amron-header\">\n<div><\/div>\n<\/div>\n<div class=\"woow-gal-amron-content\">\n<div class=\"woow-gal-amron-collection-column\">\n<div class=\"pgc-rev-original-prop-thumb-view woow-gal-amron-thumb\">\n<div class=\"pgc-rev-original-prop-thumb-main-wrap\"><\/div>\n<\/div>\n<\/div>\n<\/div>\n<\/div>\n<\/div>\n<\/div>\n","protected":false},"excerpt":{"rendered":"<p>Considerada um dos principais cart\u00f5es-postais do munic\u00edpio, a Lagoa Maior virou palco do projeto \u201cA Rua \u00c9 Nossa\u201d ao longo de toda a tarde de domingo, 15 de mar\u00e7o, abrindo espa\u00e7o seguro que toda a fam\u00edlia possa aproveitar uma programa\u00e7\u00e3o diversificada, marcada por lazer, cultura e entretenimento, reunindo cerca de 5 mil pessoas na Lagoa [&hellip;]<\/p>\n","protected":false},"author":5,"featured_media":44525,"comment_status":"open","ping_status":"open","sticky":false,"template":"","format":"standard","meta":{"om_disable_all_campaigns":false,"_monsterinsights_skip_tracking":false,"_monsterinsights_sitenote_active":false,"_monsterinsights_sitenote_note":"","_monsterinsights_sitenote_category":0,"footnotes":""},"categories":[29,30,269,36,266,193,48],"tags":[],"aioseo_notices":[],"_links":{"self":[{"href":"https:\/\/expressaoms.com.br\/index.php\/wp-json\/wp\/v2\/posts\/44524"}],"collection":[{"href":"https:\/\/expressaoms.com.br\/index.php\/wp-json\/wp\/v2\/posts"}],"about":[{"href":"https:\/\/expressaoms.com.br\/index.php\/wp-json\/wp\/v2\/types\/post"}],"author":[{"embeddable":true,"href":"https:\/\/expressaoms.com.br\/index.php\/wp-json\/wp\/v2\/users\/5"}],"replies":[{"embeddable":true,"href":"https:\/\/expressaoms.com.br\/index.php\/wp-json\/wp\/v2\/comments?post=44524"}],"version-history":[{"count":1,"href":"https:\/\/expressaoms.com.br\/index.php\/wp-json\/wp\/v2\/posts\/44524\/revisions"}],"predecessor-version":[{"id":44526,"href":"https:\/\/expressaoms.com.br\/index.php\/wp-json\/wp\/v2\/posts\/44524\/revisions\/44526"}],"wp:featuredmedia":[{"embeddable":true,"href":"https:\/\/expressaoms.com.br\/index.php\/wp-json\/wp\/v2\/media\/44525"}],"wp:attachment":[{"href":"https:\/\/expressaoms.com.br\/index.php\/wp-json\/wp\/v2\/media?parent=44524"}],"wp:term":[{"taxonomy":"category","embeddable":true,"href":"https:\/\/expressaoms.com.br\/index.php\/wp-json\/wp\/v2\/categories?post=44524"},{"taxonomy":"post_tag","embeddable":true,"href":"https:\/\/expressaoms.com.br\/index.php\/wp-json\/wp\/v2\/tags?post=44524"}],"curies":[{"name":"wp","href":"https:\/\/api.w.org\/{rel}","templated":true}]}}