{"id":44530,"date":"2026-03-16T17:08:08","date_gmt":"2026-03-16T21:08:08","guid":{"rendered":"https:\/\/expressaoms.com.br\/?p=44530"},"modified":"2026-03-16T13:29:21","modified_gmt":"2026-03-16T17:29:21","slug":"capitania-fluvial-do-pantanal-estara-no-sebrae-tl-para-renovacao-e-emissao-de-documentos","status":"publish","type":"post","link":"https:\/\/expressaoms.com.br\/index.php\/2026\/03\/16\/capitania-fluvial-do-pantanal-estara-no-sebrae-tl-para-renovacao-e-emissao-de-documentos\/","title":{"rendered":"Capitania Fluvial do Pantanal estar\u00e1 no SEBRAE\/TL para renova\u00e7\u00e3o e emiss\u00e3o de documentos"},"content":{"rendered":"<p>A Marinha do Brasil, atrav\u00e9s da Capitania Itinerante, anunciou novas datas de atendimento \u00e0 comunidade n\u00e1utica em Tr\u00eas Lagoas. Agora, a Capitania Fluvial do Pantanal (CFPN) estar\u00e1 no SEBRAE entre os dias 16 e 20 e tamb\u00e9m de 23 a 26 de mar\u00e7o com diversos servi\u00e7os voltados a propriet\u00e1rios de embarca\u00e7\u00f5es, onde poder\u00e3o solicitar inscri\u00e7\u00e3o, renova\u00e7\u00e3o de documentos, transfer\u00eancia de propriedade e emiss\u00e3o de segunda via.<\/p>\n<p>Os aquavi\u00e1rios tamb\u00e9m ter\u00e3o acesso a atendimentos como renova\u00e7\u00e3o da Caderneta de Inscri\u00e7\u00e3o e Registro (CIR), solicita\u00e7\u00e3o de segunda via e atualiza\u00e7\u00e3o de categoria. J\u00e1 para os navegadores amadores, estar\u00e3o dispon\u00edveis servi\u00e7os de renova\u00e7\u00e3o e emiss\u00e3o da Carteira de Amador.<\/p>\n<p>A a\u00e7\u00e3o tem como proposta facilitar o acesso da popula\u00e7\u00e3o aos servi\u00e7os administrativos ligados \u00e0 navega\u00e7\u00e3o, aproximando a Capitania dos usu\u00e1rios e proporcionando mais comodidade \u00e0queles que atuam ou utilizam as vias aqu\u00e1ticas da regi\u00e3o.<\/p>\n<p><strong>SERVI\u00c7O<\/strong><\/p>\n<p>Outras informa\u00e7\u00f5es podem ser obtidas diretamente pelo (67) 98139-3206. O hor\u00e1rio de atendimento em todos os dias \u00e9 das 8h30 \u00e0s 11h e das 14h \u00e0s 16h no SEBRAE, localizado \u00e0 Rua Zuleide Perez Tabox, 826 \u2013 Centro.<\/p>\n","protected":false},"excerpt":{"rendered":"<p>A Marinha do Brasil, atrav\u00e9s da Capitania Itinerante, anunciou novas datas de atendimento \u00e0 comunidade n\u00e1utica em Tr\u00eas Lagoas. Agora, a Capitania Fluvial do Pantanal (CFPN) estar\u00e1 no SEBRAE entre os dias 16 e 20 e tamb\u00e9m de 23 a 26 de mar\u00e7o com diversos servi\u00e7os voltados a propriet\u00e1rios de embarca\u00e7\u00f5es, onde poder\u00e3o solicitar inscri\u00e7\u00e3o, [&hellip;]<\/p>\n","protected":false},"author":5,"featured_media":44531,"comment_status":"open","ping_status":"open","sticky":false,"template":"","format":"standard","meta":{"om_disable_all_campaigns":false,"_monsterinsights_skip_tracking":false,"_monsterinsights_sitenote_active":false,"_monsterinsights_sitenote_note":"","_monsterinsights_sitenote_category":0,"footnotes":""},"categories":[30,266,193,48],"tags":[],"aioseo_notices":[],"_links":{"self":[{"href":"https:\/\/expressaoms.com.br\/index.php\/wp-json\/wp\/v2\/posts\/44530"}],"collection":[{"href":"https:\/\/expressaoms.com.br\/index.php\/wp-json\/wp\/v2\/posts"}],"about":[{"href":"https:\/\/expressaoms.com.br\/index.php\/wp-json\/wp\/v2\/types\/post"}],"author":[{"embeddable":true,"href":"https:\/\/expressaoms.com.br\/index.php\/wp-json\/wp\/v2\/users\/5"}],"replies":[{"embeddable":true,"href":"https:\/\/expressaoms.com.br\/index.php\/wp-json\/wp\/v2\/comments?post=44530"}],"version-history":[{"count":1,"href":"https:\/\/expressaoms.com.br\/index.php\/wp-json\/wp\/v2\/posts\/44530\/revisions"}],"predecessor-version":[{"id":44532,"href":"https:\/\/expressaoms.com.br\/index.php\/wp-json\/wp\/v2\/posts\/44530\/revisions\/44532"}],"wp:featuredmedia":[{"embeddable":true,"href":"https:\/\/expressaoms.com.br\/index.php\/wp-json\/wp\/v2\/media\/44531"}],"wp:attachment":[{"href":"https:\/\/expressaoms.com.br\/index.php\/wp-json\/wp\/v2\/media?parent=44530"}],"wp:term":[{"taxonomy":"category","embeddable":true,"href":"https:\/\/expressaoms.com.br\/index.php\/wp-json\/wp\/v2\/categories?post=44530"},{"taxonomy":"post_tag","embeddable":true,"href":"https:\/\/expressaoms.com.br\/index.php\/wp-json\/wp\/v2\/tags?post=44530"}],"curies":[{"name":"wp","href":"https:\/\/api.w.org\/{rel}","templated":true}]}}