{"id":44533,"date":"2026-03-17T10:19:09","date_gmt":"2026-03-17T14:19:09","guid":{"rendered":"https:\/\/expressaoms.com.br\/?p=44533"},"modified":"2026-03-17T10:19:09","modified_gmt":"2026-03-17T14:19:09","slug":"motorista-capota-veiculo-apos-colisao-no-cruzamento-da-eloy-chaves-em-tres-lagoas","status":"publish","type":"post","link":"https:\/\/expressaoms.com.br\/index.php\/2026\/03\/17\/motorista-capota-veiculo-apos-colisao-no-cruzamento-da-eloy-chaves-em-tres-lagoas\/","title":{"rendered":"Motorista capota ve\u00edculo ap\u00f3s colis\u00e3o no cruzamento da Eloy Chaves em Tr\u00eas Lagoas"},"content":{"rendered":"<p class=\"ds-markdown-paragraph\">Um acidente envolvendo capotamento foi registrado na manh\u00e3 desta ter\u00e7a-feira (17) em Tr\u00eas Lagoas. O caso aconteceu por volta das 7h50 no cruzamento da Avenida Eloy Chaves, no bairro Vila Nova.<\/p>\n<p class=\"ds-markdown-paragraph\">De acordo com informa\u00e7\u00f5es do Corpo de Bombeiros, a v\u00edtima, identificada pelas iniciais E.C.A.T., de 46 anos, trafegava pela avenida sentido centro quando colidiu contra um ve\u00edculo que estava parado em frente a uma borracharia. Com o impacto, o carro capotou.<\/p>\n<p class=\"ds-markdown-paragraph\">Apesar da gravidade do acidente, o condutor recusou atendimento m\u00e9dico da equipe do 5\u00ba GBM (Grupamento de Bombeiros Militar) e permaneceu no local aguardando a chegada das equipes de tr\u00e2nsito e da Pol\u00edcia Militar.<\/p>\n<p class=\"ds-markdown-paragraph\">Duas equipes do 5\u00ba Grupamento, com cinco militares, atuaram na ocorr\u00eancia realizando a interdi\u00e7\u00e3o da via e a preserva\u00e7\u00e3o da \u00e1rea at\u00e9 a chegada dos \u00f3rg\u00e3os competentes.<\/p>\n<p class=\"ds-markdown-paragraph\">As causas do acidente dever\u00e3o ser investigadas pelos \u00f3rg\u00e3os respons\u00e1veis<\/p>\n","protected":false},"excerpt":{"rendered":"<p>Um acidente envolvendo capotamento foi registrado na manh\u00e3 desta ter\u00e7a-feira (17) em Tr\u00eas Lagoas. O caso aconteceu por volta das 7h50 no cruzamento da Avenida Eloy Chaves, no bairro Vila Nova. De acordo com informa\u00e7\u00f5es do Corpo de Bombeiros, a v\u00edtima, identificada pelas iniciais E.C.A.T., de 46 anos, trafegava pela avenida sentido centro quando colidiu [&hellip;]<\/p>\n","protected":false},"author":5,"featured_media":44534,"comment_status":"open","ping_status":"open","sticky":false,"template":"","format":"standard","meta":{"om_disable_all_campaigns":false,"_monsterinsights_skip_tracking":false,"_monsterinsights_sitenote_active":false,"_monsterinsights_sitenote_note":"","_monsterinsights_sitenote_category":0,"footnotes":""},"categories":[30,266,41,193,48],"tags":[],"aioseo_notices":[],"_links":{"self":[{"href":"https:\/\/expressaoms.com.br\/index.php\/wp-json\/wp\/v2\/posts\/44533"}],"collection":[{"href":"https:\/\/expressaoms.com.br\/index.php\/wp-json\/wp\/v2\/posts"}],"about":[{"href":"https:\/\/expressaoms.com.br\/index.php\/wp-json\/wp\/v2\/types\/post"}],"author":[{"embeddable":true,"href":"https:\/\/expressaoms.com.br\/index.php\/wp-json\/wp\/v2\/users\/5"}],"replies":[{"embeddable":true,"href":"https:\/\/expressaoms.com.br\/index.php\/wp-json\/wp\/v2\/comments?post=44533"}],"version-history":[{"count":1,"href":"https:\/\/expressaoms.com.br\/index.php\/wp-json\/wp\/v2\/posts\/44533\/revisions"}],"predecessor-version":[{"id":44535,"href":"https:\/\/expressaoms.com.br\/index.php\/wp-json\/wp\/v2\/posts\/44533\/revisions\/44535"}],"wp:featuredmedia":[{"embeddable":true,"href":"https:\/\/expressaoms.com.br\/index.php\/wp-json\/wp\/v2\/media\/44534"}],"wp:attachment":[{"href":"https:\/\/expressaoms.com.br\/index.php\/wp-json\/wp\/v2\/media?parent=44533"}],"wp:term":[{"taxonomy":"category","embeddable":true,"href":"https:\/\/expressaoms.com.br\/index.php\/wp-json\/wp\/v2\/categories?post=44533"},{"taxonomy":"post_tag","embeddable":true,"href":"https:\/\/expressaoms.com.br\/index.php\/wp-json\/wp\/v2\/tags?post=44533"}],"curies":[{"name":"wp","href":"https:\/\/api.w.org\/{rel}","templated":true}]}}