{"id":44543,"date":"2026-03-17T10:50:27","date_gmt":"2026-03-17T14:50:27","guid":{"rendered":"https:\/\/expressaoms.com.br\/?p=44543"},"modified":"2026-03-17T10:50:27","modified_gmt":"2026-03-17T14:50:27","slug":"pge-ms-abre-inscricoes-para-cadastro-reserva-de-estagio-com-bolsa-de-r-1-621","status":"publish","type":"post","link":"https:\/\/expressaoms.com.br\/index.php\/2026\/03\/17\/pge-ms-abre-inscricoes-para-cadastro-reserva-de-estagio-com-bolsa-de-r-1-621\/","title":{"rendered":"PGE-MS abre inscri\u00e7\u00f5es para cadastro reserva de est\u00e1gio com bolsa de R$ 1.621"},"content":{"rendered":"<div class=\"ds-message _63c77b1\">\n<div class=\"ds-markdown\">\n<p class=\"ds-markdown-paragraph\">A\u00a0Procuradoria-Geral do Estado de Mato Grosso do Sul (PGE\/MS)\u00a0abriu, nesta segunda-feira (16), as inscri\u00e7\u00f5es para o\u00a06\u00ba Processo Seletivo Simplificado do Programa de Est\u00e1gio Remunerado. O prazo de inscri\u00e7\u00e3o segue at\u00e9 o dia\u00a09 de abril, e o processo \u00e9 para forma\u00e7\u00e3o de\u00a0Cadastro Reserva\u00a0em diversas \u00e1reas de atua\u00e7\u00e3o.<\/p>\n<p class=\"ds-markdown-paragraph\">Os estudantes selecionados receber\u00e3o bolsa-aux\u00edlio no valor de\u00a0R$ 1.621, al\u00e9m de aux\u00edlio transporte. Conforme o edital, a carga hor\u00e1ria do est\u00e1gio ser\u00e1 de\u00a04 horas di\u00e1rias, totalizando\u00a020 horas semanais.<\/p>\n<p class=\"ds-markdown-paragraph\">As oportunidades est\u00e3o distribu\u00eddas entre a capital e o interior do estado. Confira as \u00e1reas dispon\u00edveis:<\/p>\n<p class=\"ds-markdown-paragraph\"><strong>Campo Grande:<\/strong><\/p>\n<ul>\n<li>\n<p class=\"ds-markdown-paragraph\">Ci\u00eancias Cont\u00e1beis<\/p>\n<\/li>\n<li>\n<p class=\"ds-markdown-paragraph\">Jornalismo<\/p>\n<\/li>\n<li>\n<p class=\"ds-markdown-paragraph\">Audiovisual<\/p>\n<\/li>\n<li>\n<p class=\"ds-markdown-paragraph\">Direito<\/p>\n<\/li>\n<li>\n<p class=\"ds-markdown-paragraph\">Gest\u00e3o de Recursos Humanos<\/p>\n<\/li>\n<li>\n<p class=\"ds-markdown-paragraph\">Gest\u00e3o de Pessoas<\/p>\n<\/li>\n<\/ul>\n<p class=\"ds-markdown-paragraph\"><strong>Coxim:<\/strong><\/p>\n<ul>\n<li>\n<p class=\"ds-markdown-paragraph\">Direito<\/p>\n<\/li>\n<\/ul>\n<h2>Requisitos para participa\u00e7\u00e3o<\/h2>\n<p class=\"ds-markdown-paragraph\">A Procuradoria estabeleceu regras claras para os estudantes que desejam participar do processo seletivo. Os crit\u00e9rios s\u00e3o:<\/p>\n<ul>\n<li>\n<p class=\"ds-markdown-paragraph\">Ser brasileiro<\/p>\n<\/li>\n<li>\n<p class=\"ds-markdown-paragraph\">Estar matriculado em um dos cursos de gradua\u00e7\u00e3o constantes no Anexo I do edital, em institui\u00e7\u00f5es oficiais reconhecidas pelo MEC<\/p>\n<\/li>\n<li>\n<p class=\"ds-markdown-paragraph\">Ter conclu\u00eddo, pelo menos,\u00a060% da grade curricular<\/p>\n<\/li>\n<li>\n<p class=\"ds-markdown-paragraph\">N\u00e3o estar cursando o \u00faltimo semestre do curso de gradua\u00e7\u00e3o<\/p>\n<\/li>\n<li>\n<p class=\"ds-markdown-paragraph\">N\u00e3o estar vinculado a outro programa de est\u00e1gio remunerado<\/p>\n<\/li>\n<li>\n<p class=\"ds-markdown-paragraph\">Estar quite com o servi\u00e7o militar, se homem<\/p>\n<\/li>\n<li>\n<p class=\"ds-markdown-paragraph\">Estar no gozo dos direitos pol\u00edticos<\/p>\n<\/li>\n<li>\n<p class=\"ds-markdown-paragraph\">Gozar de sa\u00fade f\u00edsica e mental<\/p>\n<\/li>\n<li>\n<p class=\"ds-markdown-paragraph\">Ter boa conduta social e n\u00e3o registrar antecedentes criminais<\/p>\n<\/li>\n<\/ul>\n<p class=\"ds-markdown-paragraph\">Os interessados devem seguir um processo dividido em duas etapas. Primeiramente, \u00e9 necess\u00e1rio\u00a0preencher o formul\u00e1rio dispon\u00edvel no Portal Estadual de Concursos e Processos Seletivos\u00a0(<a href=\"https:\/\/www.concursos.ms.gov.br\/\" target=\"_blank\" rel=\"noopener noreferrer\">clique aqui para acessar<\/a>).<\/p>\n<p class=\"ds-markdown-paragraph\">Depois disso, at\u00e9 o dia\u00a09 de abril, \u00e9 preciso\u00a0enviar um e-mail para\u00a0analisecurricular@pge.ms.gov.br\u00a0com dois anexos obrigat\u00f3rios:<\/p>\n<ul>\n<li>\n<p class=\"ds-markdown-paragraph\"><strong>Minicurr\u00edculo<\/strong><\/p>\n<\/li>\n<li>\n<p class=\"ds-markdown-paragraph\"><strong>Hist\u00f3rico escolar dos dois \u00faltimos anos letivos (2024 e 2025)<\/strong><\/p>\n<\/li>\n<\/ul>\n<p class=\"ds-markdown-paragraph\">O processo seletivo ser\u00e1 dividido em duas etapas:<\/p>\n<ul>\n<li>\n<p class=\"ds-markdown-paragraph\"><strong>Etapa I<\/strong>: an\u00e1lise curricular com hist\u00f3rico escolar, de car\u00e1ter\u00a0<strong>eliminat\u00f3rio e classificat\u00f3rio<\/strong>, para todas as \u00e1reas;<\/p>\n<\/li>\n<li>\n<p class=\"ds-markdown-paragraph\"><strong>Etapa II<\/strong>: entrevista, de car\u00e1ter\u00a0<strong>classificat\u00f3rio<\/strong>,\u00a0<strong>exclusiva para candidatos da \u00e1rea de Jornalismo<\/strong>.<\/p>\n<\/li>\n<\/ul>\n<p class=\"ds-markdown-paragraph\">O\u00a0Aviso de Sele\u00e7\u00e3o\u00a0com todas as informa\u00e7\u00f5es detalhadas est\u00e1 dispon\u00edvel na\u00a0edi\u00e7\u00e3o n\u00ba 12.100 do Di\u00e1rio Oficial Eletr\u00f4nico do Estado (DOE). Os candidatos devem ler atentamente o documento para conhecer todas as regras, prazos e orienta\u00e7\u00f5es sobre o processo seletivo.<\/p>\n<p class=\"ds-markdown-paragraph\">Esta \u00e9 uma oportunidade para estudantes que buscam experi\u00eancia profissional na administra\u00e7\u00e3o p\u00fablica, com uma bolsa-aux\u00edlio competitiva e carga hor\u00e1ria que permite conciliar com os estudos. N\u00e3o perca o prazo e boa sorte!<\/p>\n<\/div>\n<\/div>\n<div class=\"ds-theme\"><\/div>\n<div class=\"ds-flex _0a3d93b\">\n<div class=\"ds-flex _965abe9 _54866f7\">\n<div class=\"db183363 ds-icon-button ds-icon-button--m ds-icon-button--sizing-container\" tabindex=\"0\" role=\"button\" aria-disabled=\"false\">\n<div class=\"ds-icon-button__hover-bg\"><\/div>\n<div class=\"ds-icon\"><\/div>\n<\/div>\n<\/div>\n<\/div>\n","protected":false},"excerpt":{"rendered":"<p>A\u00a0Procuradoria-Geral do Estado de Mato Grosso do Sul (PGE\/MS)\u00a0abriu, nesta segunda-feira (16), as inscri\u00e7\u00f5es para o\u00a06\u00ba Processo Seletivo Simplificado do Programa de Est\u00e1gio Remunerado. O prazo de inscri\u00e7\u00e3o segue at\u00e9 o dia\u00a09 de abril, e o processo \u00e9 para forma\u00e7\u00e3o de\u00a0Cadastro Reserva\u00a0em diversas \u00e1reas de atua\u00e7\u00e3o. Os estudantes selecionados receber\u00e3o bolsa-aux\u00edlio no valor de\u00a0R$ 1.621, [&hellip;]<\/p>\n","protected":false},"author":5,"featured_media":44544,"comment_status":"open","ping_status":"open","sticky":false,"template":"","format":"standard","meta":{"om_disable_all_campaigns":false,"_monsterinsights_skip_tracking":false,"_monsterinsights_sitenote_active":false,"_monsterinsights_sitenote_note":"","_monsterinsights_sitenote_category":0,"footnotes":""},"categories":[30,33,266,318,193],"tags":[],"aioseo_notices":[],"_links":{"self":[{"href":"https:\/\/expressaoms.com.br\/index.php\/wp-json\/wp\/v2\/posts\/44543"}],"collection":[{"href":"https:\/\/expressaoms.com.br\/index.php\/wp-json\/wp\/v2\/posts"}],"about":[{"href":"https:\/\/expressaoms.com.br\/index.php\/wp-json\/wp\/v2\/types\/post"}],"author":[{"embeddable":true,"href":"https:\/\/expressaoms.com.br\/index.php\/wp-json\/wp\/v2\/users\/5"}],"replies":[{"embeddable":true,"href":"https:\/\/expressaoms.com.br\/index.php\/wp-json\/wp\/v2\/comments?post=44543"}],"version-history":[{"count":1,"href":"https:\/\/expressaoms.com.br\/index.php\/wp-json\/wp\/v2\/posts\/44543\/revisions"}],"predecessor-version":[{"id":44545,"href":"https:\/\/expressaoms.com.br\/index.php\/wp-json\/wp\/v2\/posts\/44543\/revisions\/44545"}],"wp:featuredmedia":[{"embeddable":true,"href":"https:\/\/expressaoms.com.br\/index.php\/wp-json\/wp\/v2\/media\/44544"}],"wp:attachment":[{"href":"https:\/\/expressaoms.com.br\/index.php\/wp-json\/wp\/v2\/media?parent=44543"}],"wp:term":[{"taxonomy":"category","embeddable":true,"href":"https:\/\/expressaoms.com.br\/index.php\/wp-json\/wp\/v2\/categories?post=44543"},{"taxonomy":"post_tag","embeddable":true,"href":"https:\/\/expressaoms.com.br\/index.php\/wp-json\/wp\/v2\/tags?post=44543"}],"curies":[{"name":"wp","href":"https:\/\/api.w.org\/{rel}","templated":true}]}}