{"id":44546,"date":"2026-03-17T11:05:44","date_gmt":"2026-03-17T15:05:44","guid":{"rendered":"https:\/\/expressaoms.com.br\/?p=44546"},"modified":"2026-03-17T11:05:44","modified_gmt":"2026-03-17T15:05:44","slug":"deputada-e-apontada-como-articuladora-politica-de-esquema-que-desviou-r-63-bilhoes-de-aposentados-do-inss","status":"publish","type":"post","link":"https:\/\/expressaoms.com.br\/index.php\/2026\/03\/17\/deputada-e-apontada-como-articuladora-politica-de-esquema-que-desviou-r-63-bilhoes-de-aposentados-do-inss\/","title":{"rendered":"Deputada \u00e9 apontada como &#8216;articuladora pol\u00edtica&#8217; de esquema que desviou R$ 6,3 bilh\u00f5es de aposentados do INSS"},"content":{"rendered":"<div class=\"ds-message _63c77b1\">\n<div class=\"ds-markdown\">\n<p class=\"ds-markdown-paragraph\">A\u00a0deputada federal Maria Gorete Pereira (MDB-CE)\u00a0tornou-se alvo da opera\u00e7\u00e3o da Pol\u00edcia Federal (PF) deflagrada nesta ter\u00e7a-feira (17) contra um esquema de desvios em aposentadorias e pens\u00f5es do INSS. A parlamentar \u00e9 apontada por investigadores como\u00a0&#8220;articuladora pol\u00edtica&#8221;\u00a0do esquema junto a \u00f3rg\u00e3os p\u00fablicos, segundo informa\u00e7\u00f5es que constam no relat\u00f3rio da PF citado na decis\u00e3o do ministro\u00a0Andr\u00e9 Mendon\u00e7a, do Supremo Tribunal Federal (STF), que autorizou a opera\u00e7\u00e3o.<\/p>\n<p class=\"ds-markdown-paragraph\">As investiga\u00e7\u00f5es da PF e da Controladoria-Geral da Uni\u00e3o (CGU) revelaram um esquema criminoso para realizar descontos irregulares de valores recebidos por aposentados e pensionistas do INSS, ocorridos no per\u00edodo de 2019 a 2024. Os desvios, conforme as apura\u00e7\u00f5es,\u00a0podem chegar a R$ 6,3 bilh\u00f5es.<\/p>\n<p class=\"ds-markdown-paragraph\">A deputada federal foi alvo de medidas cautelares determinadas pela Justi\u00e7a, incluindo o monitoramento por\u00a0tornozeleira eletr\u00f4nica, al\u00e9m de outras restri\u00e7\u00f5es impostas. A informa\u00e7\u00e3o consta na decis\u00e3o do ministro Andr\u00e9 Mendon\u00e7a, que autorizou a opera\u00e7\u00e3o.<\/p>\n<p class=\"ds-markdown-paragraph\">No documento, o Minist\u00e9rio P\u00fablico Federal (MPF) detalha o papel atribu\u00eddo \u00e0 parlamentar no esquema. &#8220;No caso de Maria Gorete Pereira, deputada federal em exerc\u00edcio, o MPF afirmou haver elementos de que teria atuado como articuladora pol\u00edtica junto a \u00f3rg\u00e3os p\u00fablicos, al\u00e9m de ter recebido valores por meio de interpostas pessoas e empresas de fachada&#8221;, diz o trecho citado na decis\u00e3o judicial.<\/p>\n<p class=\"ds-markdown-paragraph\">Na opera\u00e7\u00e3o desta ter\u00e7a-feira, a PF tamb\u00e9m\u00a0prendeu preventivamente o empres\u00e1rio Natjo de Lima Pinheiro\u00a0e\u00a0a advogada Cec\u00edlia Rodrigues Mota, ex-presidente de associa\u00e7\u00f5es de aposentados e pensionistas no Cear\u00e1, que tamb\u00e9m estariam envolvidos no esquema.<\/p>\n<p class=\"ds-markdown-paragraph\">A investiga\u00e7\u00e3o aponta ainda o envolvimento de\u00a0Alessandro Stefanutto, ex-presidente do INSS, que j\u00e1 havia sido preso em novembro do ano passado em uma fase anterior da Opera\u00e7\u00e3o Sem Desconto. Segundo a PF, Stefanutto recebeu propina de forma sistem\u00e1tica enquanto esteve \u00e0 frente do instituto.<\/p>\n<p class=\"ds-markdown-paragraph\">&#8220;Conforme indicam as an\u00e1lises dos extratos banc\u00e1rios dos recursos atribu\u00eddos \u00e0 Stefanutto, no per\u00edodo compreendido entre abril de 2024 a janeiro de 2025, foram repassados ao ent\u00e3o Presidente do INSS cerca de\u00a0R$ 4.000.000,00\u00a0a partir de contas vinculadas \u00e0 investigada Cec\u00edlia Rodrigues Mota&#8221;, destaca o relat\u00f3rio da Pol\u00edcia Federal.<\/p>\n<p class=\"ds-markdown-paragraph\">O ex-presidente do INSS, que havia sido exonerado do cargo em abril de 2025 logo ap\u00f3s as fraudes serem descobertas, \u00e9 investigado pelos crimes de inser\u00e7\u00e3o de dados falsos em sistemas oficiais, constitui\u00e7\u00e3o de organiza\u00e7\u00e3o criminosa, estelionato previdenci\u00e1rio, corrup\u00e7\u00e3o ativa e passiva, al\u00e9m de atos de oculta\u00e7\u00e3o e dilapida\u00e7\u00e3o patrimonial\u00a0.<\/p>\n<p class=\"ds-markdown-paragraph\">Procurada, a defesa do empres\u00e1rio Natjo Pinheiro manifestou-se sobre a pris\u00e3o. Em nota, os advogados afirmam que\u00a0&#8220;considera a pris\u00e3o preventiva decretada medida desnecess\u00e1ria e desproporcional&#8221;.<\/p>\n<p class=\"ds-markdown-paragraph\">At\u00e9 o momento, as defesas da deputada Maria Gorete Pereira e da advogada Cec\u00edlia Rodrigues Mota n\u00e3o se manifestaram sobre as acusa\u00e7\u00f5es e as medidas cautelares impostas.<\/p>\n<p class=\"ds-markdown-paragraph\">A defesa de Alessandro Stefanutto, em ocasi\u00e3o anterior, classificou a pris\u00e3o do ex-presidente do INSS como &#8220;completamente ilegal&#8221;, sustentando que ele &#8220;n\u00e3o tem causado nenhum tipo de embara\u00e7o \u00e0 apura\u00e7\u00e3o, colaborando desde o in\u00edcio com o trabalho de investiga\u00e7\u00e3o&#8221;\u00a0.<\/p>\n<p class=\"ds-markdown-paragraph\">A Opera\u00e7\u00e3o Sem Desconto investiga um esquema nacional de descontos associativos n\u00e3o autorizados em aposentadorias e pens\u00f5es do INSS\u00a0. O esquema envolvia associa\u00e7\u00f5es de classe, que cobravam valores de aposentados e pensionistas para a realiza\u00e7\u00e3o de servi\u00e7os como assessoria jur\u00eddica ou conv\u00eanios com academias e planos de sa\u00fade.<\/p>\n<p class=\"ds-markdown-paragraph\">Esses valores podiam ser descontados diretamente da folha de pagamento dos benefici\u00e1rios, desde que houvesse o consentimento expl\u00edcito, e eram repassados \u00e0s associa\u00e7\u00f5es. As entidades tamb\u00e9m precisavam assinar um Acordo de Coopera\u00e7\u00e3o T\u00e9cnica (ACT) com o INSS para receber os valores\u00a0.<\/p>\n<p class=\"ds-markdown-paragraph\">No entanto, a investiga\u00e7\u00e3o identificou que\u00a0milhares de benefici\u00e1rios tiveram descontos n\u00e3o autorizados\u00a0em seus benef\u00edcios. As entidades forjavam v\u00ednculos com aposentados e pensionistas, que tinham seu benef\u00edcio reduzido sem consentimento e sem receber os servi\u00e7os prometidos\u00a0.<\/p>\n<p class=\"ds-markdown-paragraph\">O governo federal prometeu em julho devolver o dinheiro descontado sem autoriza\u00e7\u00e3o dos aposentados. Os pensionistas que foram alvos do esquema t\u00eam at\u00e9\u00a014 de fevereiro de 2026 para pedir o dinheiro de volta.<\/p>\n<\/div>\n<\/div>\n<p>&nbsp;<\/p>\n<p>(*) com informa\u00e7\u00f5es de G1 MS<\/p>\n<div class=\"ds-theme\"><\/div>\n<div class=\"ds-flex _0a3d93b\">\n<div class=\"ds-flex _965abe9 _54866f7\">\n<div class=\"db183363 ds-icon-button ds-icon-button--m ds-icon-button--sizing-container\" tabindex=\"0\" role=\"button\" aria-disabled=\"false\">\n<div class=\"ds-icon-button__hover-bg\"><\/div>\n<div class=\"ds-icon\"><\/div>\n<\/div>\n<\/div>\n<\/div>\n","protected":false},"excerpt":{"rendered":"<p>A\u00a0deputada federal Maria Gorete Pereira (MDB-CE)\u00a0tornou-se alvo da opera\u00e7\u00e3o da Pol\u00edcia Federal (PF) deflagrada nesta ter\u00e7a-feira (17) contra um esquema de desvios em aposentadorias e pens\u00f5es do INSS. A parlamentar \u00e9 apontada por investigadores como\u00a0&#8220;articuladora pol\u00edtica&#8221;\u00a0do esquema junto a \u00f3rg\u00e3os p\u00fablicos, segundo informa\u00e7\u00f5es que constam no relat\u00f3rio da PF citado na decis\u00e3o do ministro\u00a0Andr\u00e9 Mendon\u00e7a, [&hellip;]<\/p>\n","protected":false},"author":5,"featured_media":44547,"comment_status":"open","ping_status":"open","sticky":false,"template":"","format":"standard","meta":{"om_disable_all_campaigns":false,"_monsterinsights_skip_tracking":false,"_monsterinsights_sitenote_active":false,"_monsterinsights_sitenote_note":"","_monsterinsights_sitenote_category":0,"footnotes":""},"categories":[246,30,266,193],"tags":[],"aioseo_notices":[],"_links":{"self":[{"href":"https:\/\/expressaoms.com.br\/index.php\/wp-json\/wp\/v2\/posts\/44546"}],"collection":[{"href":"https:\/\/expressaoms.com.br\/index.php\/wp-json\/wp\/v2\/posts"}],"about":[{"href":"https:\/\/expressaoms.com.br\/index.php\/wp-json\/wp\/v2\/types\/post"}],"author":[{"embeddable":true,"href":"https:\/\/expressaoms.com.br\/index.php\/wp-json\/wp\/v2\/users\/5"}],"replies":[{"embeddable":true,"href":"https:\/\/expressaoms.com.br\/index.php\/wp-json\/wp\/v2\/comments?post=44546"}],"version-history":[{"count":1,"href":"https:\/\/expressaoms.com.br\/index.php\/wp-json\/wp\/v2\/posts\/44546\/revisions"}],"predecessor-version":[{"id":44548,"href":"https:\/\/expressaoms.com.br\/index.php\/wp-json\/wp\/v2\/posts\/44546\/revisions\/44548"}],"wp:featuredmedia":[{"embeddable":true,"href":"https:\/\/expressaoms.com.br\/index.php\/wp-json\/wp\/v2\/media\/44547"}],"wp:attachment":[{"href":"https:\/\/expressaoms.com.br\/index.php\/wp-json\/wp\/v2\/media?parent=44546"}],"wp:term":[{"taxonomy":"category","embeddable":true,"href":"https:\/\/expressaoms.com.br\/index.php\/wp-json\/wp\/v2\/categories?post=44546"},{"taxonomy":"post_tag","embeddable":true,"href":"https:\/\/expressaoms.com.br\/index.php\/wp-json\/wp\/v2\/tags?post=44546"}],"curies":[{"name":"wp","href":"https:\/\/api.w.org\/{rel}","templated":true}]}}