{"id":44549,"date":"2026-03-17T11:09:39","date_gmt":"2026-03-17T15:09:39","guid":{"rendered":"https:\/\/expressaoms.com.br\/?p=44549"},"modified":"2026-03-17T11:09:39","modified_gmt":"2026-03-17T15:09:39","slug":"equipe-da-sejuvel-conquista-ouro-e-prata-no-open-de-bocha-paralimpica-em-campo-grande","status":"publish","type":"post","link":"https:\/\/expressaoms.com.br\/index.php\/2026\/03\/17\/equipe-da-sejuvel-conquista-ouro-e-prata-no-open-de-bocha-paralimpica-em-campo-grande\/","title":{"rendered":"Equipe da SEJUVEL conquista ouro e prata no Open de Bocha Paral\u00edmpica em Campo Grande"},"content":{"rendered":"<p>A equipe de paradesporto da Secretaria Municipal de Esporte, Juventude e Lazer (SEJUVEL) de Tr\u00eas Lagoas teve uma atua\u00e7\u00e3o de destaque no 4\u00ba Open de Bocha Paral\u00edmpica Ativa\/MS \u2013 2026, realizado no dia 14 de mar\u00e7o, em Campo Grande. O evento reuniu cerca de 40 atletas de diferentes munic\u00edpios sul-mato-grossenses, refor\u00e7ando a import\u00e2ncia da inclus\u00e3o e do fortalecimento do esporte paral\u00edmpico no estado.<\/p>\n<p>Representando o munic\u00edpio, os atletas tr\u00eas-lagoenses conquistaram resultados expressivos em suas respectivas categorias, evidenciando a evolu\u00e7\u00e3o t\u00e9cnica e o alto n\u00edvel competitivo da equipe. Na Classe BC1, Andr\u00e9 Luiz Barroso Filho garantiu o lugar mais alto do p\u00f3dio. J\u00e1 na Classe BC2, Bruno Eduardo Albuquerque Santana tamb\u00e9m conquistou a medalha de ouro. Fechando a participa\u00e7\u00e3o, Maria Fernanda Caetano Chimenes assegurou a segunda coloca\u00e7\u00e3o na Classe BC3.<\/p>\n<p>Os resultados refletem o trabalho cont\u00ednuo e dedicado desenvolvido pelo projeto de paradesporto da SEJUVEL, que tem investido na forma\u00e7\u00e3o e no aprimoramento dos atletas do munic\u00edpio. Para os t\u00e9cnicos Roney Ferreira Ara\u00fajo e Fl\u00e1via Ara\u00fajo da Silva, a participa\u00e7\u00e3o no Open foi essencial para o crescimento da equipe ao longo da temporada, tamb\u00e9m aproveitaram a oportunidade para agradecer o apoio Prefeitura de Tr\u00eas Lagoas, por meio da SEJUVEL.<\/p>\n<p>Segundo Fl\u00e1via Ara\u00fajo da Silva, competi\u00e7\u00f5es como o Open desempenham papel fundamental no desenvolvimento t\u00e9cnico, emocional e competitivo dos atletas, al\u00e9m de servirem como prepara\u00e7\u00e3o para os desafios previstos no calend\u00e1rio esportivo de 2026.<\/p>\n<p>Com o desempenho positivo, a equipe de Tr\u00eas Lagoas segue motivada e focada na sequ\u00eancia da temporada, intensificando os treinamentos em busca de novos resultados e mantendo o compromisso de representar o munic\u00edpio com orgulho nas pr\u00f3ximas competi\u00e7\u00f5es.<\/p>\n<div id=\"wg_162814_1773760077735\" class=\"woowgallery-wrapper wg-id-162814 type-woowgallery\">\n<div class=\"woowgallery-amron\">\n<div class=\"woow-gal-amron-masonry-collection\">\n<div class=\"woow-gal-amron-header\">\n<div><\/div>\n<\/div>\n<div class=\"woow-gal-amron-content\">\n<div class=\"woow-gal-amron-collection-column\">\n<div class=\"pgc-rev-original-prop-thumb-view woow-gal-amron-thumb\">\n<div class=\"pgc-rev-original-prop-thumb-main-wrap\"><\/div>\n<\/div>\n<\/div>\n<\/div>\n<\/div>\n<\/div>\n<\/div>\n","protected":false},"excerpt":{"rendered":"<p>A equipe de paradesporto da Secretaria Municipal de Esporte, Juventude e Lazer (SEJUVEL) de Tr\u00eas Lagoas teve uma atua\u00e7\u00e3o de destaque no 4\u00ba Open de Bocha Paral\u00edmpica Ativa\/MS \u2013 2026, realizado no dia 14 de mar\u00e7o, em Campo Grande. O evento reuniu cerca de 40 atletas de diferentes munic\u00edpios sul-mato-grossenses, refor\u00e7ando a import\u00e2ncia da inclus\u00e3o [&hellip;]<\/p>\n","protected":false},"author":5,"featured_media":44550,"comment_status":"open","ping_status":"open","sticky":false,"template":"","format":"standard","meta":{"om_disable_all_campaigns":false,"_monsterinsights_skip_tracking":false,"_monsterinsights_sitenote_active":false,"_monsterinsights_sitenote_note":"","_monsterinsights_sitenote_category":0,"footnotes":""},"categories":[30,34,36,266,193,48],"tags":[],"aioseo_notices":[],"_links":{"self":[{"href":"https:\/\/expressaoms.com.br\/index.php\/wp-json\/wp\/v2\/posts\/44549"}],"collection":[{"href":"https:\/\/expressaoms.com.br\/index.php\/wp-json\/wp\/v2\/posts"}],"about":[{"href":"https:\/\/expressaoms.com.br\/index.php\/wp-json\/wp\/v2\/types\/post"}],"author":[{"embeddable":true,"href":"https:\/\/expressaoms.com.br\/index.php\/wp-json\/wp\/v2\/users\/5"}],"replies":[{"embeddable":true,"href":"https:\/\/expressaoms.com.br\/index.php\/wp-json\/wp\/v2\/comments?post=44549"}],"version-history":[{"count":1,"href":"https:\/\/expressaoms.com.br\/index.php\/wp-json\/wp\/v2\/posts\/44549\/revisions"}],"predecessor-version":[{"id":44551,"href":"https:\/\/expressaoms.com.br\/index.php\/wp-json\/wp\/v2\/posts\/44549\/revisions\/44551"}],"wp:featuredmedia":[{"embeddable":true,"href":"https:\/\/expressaoms.com.br\/index.php\/wp-json\/wp\/v2\/media\/44550"}],"wp:attachment":[{"href":"https:\/\/expressaoms.com.br\/index.php\/wp-json\/wp\/v2\/media?parent=44549"}],"wp:term":[{"taxonomy":"category","embeddable":true,"href":"https:\/\/expressaoms.com.br\/index.php\/wp-json\/wp\/v2\/categories?post=44549"},{"taxonomy":"post_tag","embeddable":true,"href":"https:\/\/expressaoms.com.br\/index.php\/wp-json\/wp\/v2\/tags?post=44549"}],"curies":[{"name":"wp","href":"https:\/\/api.w.org\/{rel}","templated":true}]}}