{"id":44552,"date":"2026-03-17T13:10:01","date_gmt":"2026-03-17T17:10:01","guid":{"rendered":"https:\/\/expressaoms.com.br\/?p=44552"},"modified":"2026-03-17T11:11:45","modified_gmt":"2026-03-17T15:11:45","slug":"formato-do-campeonato-amador-de-futebol-e-definido-em-reuniao-da-sejuvel-com-autoridades-e-comunidade-esportiva","status":"publish","type":"post","link":"https:\/\/expressaoms.com.br\/index.php\/2026\/03\/17\/formato-do-campeonato-amador-de-futebol-e-definido-em-reuniao-da-sejuvel-com-autoridades-e-comunidade-esportiva\/","title":{"rendered":"Formato do Campeonato Amador de Futebol \u00e9 definido em reuni\u00e3o da SEJUVEL com autoridades e comunidade esportiva"},"content":{"rendered":"<p>Na noite desta segunda-feira, 16 de mar\u00e7o, a Secretaria Municipal de Esporte, Juventude e Lazer (SEJUVEL) promoveu, no Plenarinho da C\u00e2mara Municipal, uma importante reuni\u00e3o que est\u00e1 definindo o formato das principais competi\u00e7\u00f5es do calend\u00e1rio local do Campeonato Amador que engloba o Varzeano e a tradicional Ta\u00e7a Cidade.<\/p>\n<p>O encontro reuniu mais de 30 dirigentes e representantes de equipes, al\u00e9m de autoridades como o secret\u00e1rio de Esportes, Walter Dias (Hulk), o diretor de Esportes Rodrigo Rufino, o coordenador t\u00e9cnico Wando Barros, o assessor Marco Aur\u00e9lio Guedes, os vereadores Pedrinho J\u00fanior e Robson do Alinhamento, o presidente da C\u00e2mara Tonh\u00e3o e o prefeito Dr. Cassiano Maia que na oportunidade refor\u00e7ou o compromisso da administra\u00e7\u00e3o municipal com o fortalecimento do esporte.<\/p>\n<p>Com participa\u00e7\u00e3o ativa dos dirigentes e representantes das equipes, a reuni\u00e3o foi marcada pelo di\u00e1logo direto entre poder p\u00fablico e comunidade esportiva. Em pauta, foram discutidos pontos essenciais para a organiza\u00e7\u00e3o das competi\u00e7\u00f5es, como: cria\u00e7\u00e3o de um calend\u00e1rio anual, o aumento da premia\u00e7\u00e3o do campeonato e a amplia\u00e7\u00e3o da dura\u00e7\u00e3o do torneio, garantindo mais jogos e oportunidades para os atletas. Tamb\u00e9m foi estabelecido o limite de 25 jogadores inscritos por equipe, e a libera\u00e7\u00e3o de at\u00e9 cinco atletas de fora do munic\u00edpio por time.<\/p>\n<p>O prefeito Dr. Cassiano Maia destacou que ouvir quem vive o esporte no dia a dia \u00e9 fundamental para o sucesso das competi\u00e7\u00f5es. Segundo ele, a constru\u00e7\u00e3o coletiva \u00e9 o caminho para elevar o n\u00edvel do futebol amador no munic\u00edpio. \u201cValorizar o esporte tamb\u00e9m \u00e9 ouvir quem est\u00e1 dentro de campo. Esse di\u00e1logo com a comunidade esportiva nos permite organizar campeonatos mais fortes, competitivos e que representem de fato o esporte de Tr\u00eas Lagoas\u201d, afirmou.<\/p>\n","protected":false},"excerpt":{"rendered":"<p>Na noite desta segunda-feira, 16 de mar\u00e7o, a Secretaria Municipal de Esporte, Juventude e Lazer (SEJUVEL) promoveu, no Plenarinho da C\u00e2mara Municipal, uma importante reuni\u00e3o que est\u00e1 definindo o formato das principais competi\u00e7\u00f5es do calend\u00e1rio local do Campeonato Amador que engloba o Varzeano e a tradicional Ta\u00e7a Cidade. O encontro reuniu mais de 30 dirigentes [&hellip;]<\/p>\n","protected":false},"author":5,"featured_media":44553,"comment_status":"open","ping_status":"open","sticky":false,"template":"","format":"standard","meta":{"om_disable_all_campaigns":false,"_monsterinsights_skip_tracking":false,"_monsterinsights_sitenote_active":false,"_monsterinsights_sitenote_note":"","_monsterinsights_sitenote_category":0,"footnotes":""},"categories":[30,34,266,193,48],"tags":[],"aioseo_notices":[],"_links":{"self":[{"href":"https:\/\/expressaoms.com.br\/index.php\/wp-json\/wp\/v2\/posts\/44552"}],"collection":[{"href":"https:\/\/expressaoms.com.br\/index.php\/wp-json\/wp\/v2\/posts"}],"about":[{"href":"https:\/\/expressaoms.com.br\/index.php\/wp-json\/wp\/v2\/types\/post"}],"author":[{"embeddable":true,"href":"https:\/\/expressaoms.com.br\/index.php\/wp-json\/wp\/v2\/users\/5"}],"replies":[{"embeddable":true,"href":"https:\/\/expressaoms.com.br\/index.php\/wp-json\/wp\/v2\/comments?post=44552"}],"version-history":[{"count":1,"href":"https:\/\/expressaoms.com.br\/index.php\/wp-json\/wp\/v2\/posts\/44552\/revisions"}],"predecessor-version":[{"id":44554,"href":"https:\/\/expressaoms.com.br\/index.php\/wp-json\/wp\/v2\/posts\/44552\/revisions\/44554"}],"wp:featuredmedia":[{"embeddable":true,"href":"https:\/\/expressaoms.com.br\/index.php\/wp-json\/wp\/v2\/media\/44553"}],"wp:attachment":[{"href":"https:\/\/expressaoms.com.br\/index.php\/wp-json\/wp\/v2\/media?parent=44552"}],"wp:term":[{"taxonomy":"category","embeddable":true,"href":"https:\/\/expressaoms.com.br\/index.php\/wp-json\/wp\/v2\/categories?post=44552"},{"taxonomy":"post_tag","embeddable":true,"href":"https:\/\/expressaoms.com.br\/index.php\/wp-json\/wp\/v2\/tags?post=44552"}],"curies":[{"name":"wp","href":"https:\/\/api.w.org\/{rel}","templated":true}]}}