{"id":44567,"date":"2026-03-17T13:57:26","date_gmt":"2026-03-17T17:57:26","guid":{"rendered":"https:\/\/expressaoms.com.br\/?p=44567"},"modified":"2026-03-17T11:58:53","modified_gmt":"2026-03-17T15:58:53","slug":"participe-comite-da-dengue-sera-nesta-quinta-feira-19-a-partir-das-8h","status":"publish","type":"post","link":"https:\/\/expressaoms.com.br\/index.php\/2026\/03\/17\/participe-comite-da-dengue-sera-nesta-quinta-feira-19-a-partir-das-8h\/","title":{"rendered":"PARTICIPE \u2013 Comit\u00ea da Dengue ser\u00e1 nesta quinta-feira (19) a partir das 8h"},"content":{"rendered":"<p>No dia 19 de mar\u00e7o, quinta-feira, a Prefeitura de Tr\u00eas Lagoas, por meio da Secretaria Municipal de Sa\u00fade (SMS) realizar\u00e1 mais uma reuni\u00e3o do Comit\u00ea Municipal de Mobiliza\u00e7\u00e3o e Combate ao Aedes, o evento \u00e9 aberto a toda popula\u00e7\u00e3o.<\/p>\n<p>O Comit\u00ea tem como objetivo e contribuir na luta contra o Aedes Aegypti, discutindo e debatendo ideias para a\u00e7\u00f5es de conten\u00e7\u00e3o do n\u00famero de casos notificados suspeitos de Dengue, registrados no Munic\u00edpio.<\/p>\n<p>\u00c9 de compet\u00eancia do Comit\u00ea acompanhar e estabelecer estrat\u00e9gias de a\u00e7\u00f5es voltadas \u00e0 preven\u00e7\u00e3o e controle das arboviroses; planejar continuamente as atividades de combate \u00e0 Dengue, Zika v\u00edrus e Chikungunya e criar estrat\u00e9gias para o alcance de respostas r\u00e1pidas frente a epidemias<\/p>\n<p><strong>SERVI\u00c7O<\/strong><\/p>\n<p>Comit\u00ea Municipal de Mobiliza\u00e7\u00e3o e Combate ao Aedes aegypti<br \/>\nData: Dia 19\/03 (quinta-feira)<br \/>\nHor\u00e1rio: 8h<br \/>\nLocal: Sindicato dos Servidores P\u00fablicos Municipais (SSPM)<br \/>\nEndere\u00e7o: Rua Manoel Pedro de Campos, n\u00ba 1050, bairro Nossa Senhora Aparecida<\/p>\n","protected":false},"excerpt":{"rendered":"<p>No dia 19 de mar\u00e7o, quinta-feira, a Prefeitura de Tr\u00eas Lagoas, por meio da Secretaria Municipal de Sa\u00fade (SMS) realizar\u00e1 mais uma reuni\u00e3o do Comit\u00ea Municipal de Mobiliza\u00e7\u00e3o e Combate ao Aedes, o evento \u00e9 aberto a toda popula\u00e7\u00e3o. O Comit\u00ea tem como objetivo e contribuir na luta contra o Aedes Aegypti, discutindo e debatendo [&hellip;]<\/p>\n","protected":false},"author":5,"featured_media":44568,"comment_status":"open","ping_status":"open","sticky":false,"template":"","format":"standard","meta":{"om_disable_all_campaigns":false,"_monsterinsights_skip_tracking":false,"_monsterinsights_sitenote_active":false,"_monsterinsights_sitenote_note":"","_monsterinsights_sitenote_category":0,"footnotes":""},"categories":[30,266,193,48],"tags":[],"aioseo_notices":[],"_links":{"self":[{"href":"https:\/\/expressaoms.com.br\/index.php\/wp-json\/wp\/v2\/posts\/44567"}],"collection":[{"href":"https:\/\/expressaoms.com.br\/index.php\/wp-json\/wp\/v2\/posts"}],"about":[{"href":"https:\/\/expressaoms.com.br\/index.php\/wp-json\/wp\/v2\/types\/post"}],"author":[{"embeddable":true,"href":"https:\/\/expressaoms.com.br\/index.php\/wp-json\/wp\/v2\/users\/5"}],"replies":[{"embeddable":true,"href":"https:\/\/expressaoms.com.br\/index.php\/wp-json\/wp\/v2\/comments?post=44567"}],"version-history":[{"count":1,"href":"https:\/\/expressaoms.com.br\/index.php\/wp-json\/wp\/v2\/posts\/44567\/revisions"}],"predecessor-version":[{"id":44569,"href":"https:\/\/expressaoms.com.br\/index.php\/wp-json\/wp\/v2\/posts\/44567\/revisions\/44569"}],"wp:featuredmedia":[{"embeddable":true,"href":"https:\/\/expressaoms.com.br\/index.php\/wp-json\/wp\/v2\/media\/44568"}],"wp:attachment":[{"href":"https:\/\/expressaoms.com.br\/index.php\/wp-json\/wp\/v2\/media?parent=44567"}],"wp:term":[{"taxonomy":"category","embeddable":true,"href":"https:\/\/expressaoms.com.br\/index.php\/wp-json\/wp\/v2\/categories?post=44567"},{"taxonomy":"post_tag","embeddable":true,"href":"https:\/\/expressaoms.com.br\/index.php\/wp-json\/wp\/v2\/tags?post=44567"}],"curies":[{"name":"wp","href":"https:\/\/api.w.org\/{rel}","templated":true}]}}