{"id":44602,"date":"2026-03-18T09:51:43","date_gmt":"2026-03-18T13:51:43","guid":{"rendered":"https:\/\/expressaoms.com.br\/?p=44602"},"modified":"2026-03-18T09:51:43","modified_gmt":"2026-03-18T13:51:43","slug":"policia-militar-recupera-veiculo-furtado-no-jardim-flamboyant-em-tres-lagoas","status":"publish","type":"post","link":"https:\/\/expressaoms.com.br\/index.php\/2026\/03\/18\/policia-militar-recupera-veiculo-furtado-no-jardim-flamboyant-em-tres-lagoas\/","title":{"rendered":"Pol\u00edcia Militar recupera ve\u00edculo furtado no Jardim Flamboyant em Tr\u00eas Lagoas"},"content":{"rendered":"<p class=\"ds-markdown-paragraph\">Policiais militares do 2\u00ba Batalh\u00e3o de Pol\u00edcia Militar (2\u00ba BPM) recuperaram na tarde desta ter\u00e7a-feira (17) um ve\u00edculo furtado no munic\u00edpio de Tr\u00eas Lagoas. A a\u00e7\u00e3o ocorreu por volta das 17h, durante rondas ostensivas e preventivas realizadas por uma guarni\u00e7\u00e3o da For\u00e7a T\u00e1tica no bairro Jardim Flamboyant.<\/p>\n<p class=\"ds-markdown-paragraph\">Os militares realizavam patrulhamento de rotina quando avistaram um ve\u00edculo Fiat\/Uno Mille estacionado de forma irregular em via urbana. Diante da situa\u00e7\u00e3o, os policiais procederam com a checagem nos sistemas oficiais e constataram que o autom\u00f3vel possu\u00eda registro de furto.<\/p>\n<p class=\"ds-markdown-paragraph\">De acordo com as informa\u00e7\u00f5es apuradas, o ve\u00edculo havia sido furtado na noite do dia 13 de mar\u00e7o, quando se encontrava estacionado na rua Julio Viegas Muniz, no bairro Jardim Cangalha. Desde ent\u00e3o, estava desaparecido at\u00e9 ser localizado pela equipe da For\u00e7a T\u00e1tica.<\/p>\n<p class=\"ds-markdown-paragraph\">Ap\u00f3s a recupera\u00e7\u00e3o, o autom\u00f3vel foi apresentado na Delegacia de Pol\u00edcia Civil, onde ser\u00e3o adotadas as provid\u00eancias cab\u00edveis para que seja restitu\u00eddo ao propriet\u00e1rio. A v\u00edtima do furto dever\u00e1 ser comunicada para realizar os procedimentos necess\u00e1rios e reaver o bem.<\/p>\n<p class=\"ds-markdown-paragraph\">A a\u00e7\u00e3o refor\u00e7a o trabalho cont\u00ednuo de policiamento ostensivo realizado pelo 2\u00ba BPM na cidade, que tem como objetivo prevenir delitos e recuperar bens subtra\u00eddos, garantindo maior seguran\u00e7a \u00e0 popula\u00e7\u00e3o tr\u00eas-lagoense.<\/p>\n","protected":false},"excerpt":{"rendered":"<p>Policiais militares do 2\u00ba Batalh\u00e3o de Pol\u00edcia Militar (2\u00ba BPM) recuperaram na tarde desta ter\u00e7a-feira (17) um ve\u00edculo furtado no munic\u00edpio de Tr\u00eas Lagoas. A a\u00e7\u00e3o ocorreu por volta das 17h, durante rondas ostensivas e preventivas realizadas por uma guarni\u00e7\u00e3o da For\u00e7a T\u00e1tica no bairro Jardim Flamboyant. Os militares realizavam patrulhamento de rotina quando avistaram [&hellip;]<\/p>\n","protected":false},"author":5,"featured_media":44603,"comment_status":"open","ping_status":"open","sticky":false,"template":"","format":"standard","meta":{"om_disable_all_campaigns":false,"_monsterinsights_skip_tracking":false,"_monsterinsights_sitenote_active":false,"_monsterinsights_sitenote_note":"","_monsterinsights_sitenote_category":0,"footnotes":""},"categories":[30,266,41,193,48],"tags":[],"aioseo_notices":[],"_links":{"self":[{"href":"https:\/\/expressaoms.com.br\/index.php\/wp-json\/wp\/v2\/posts\/44602"}],"collection":[{"href":"https:\/\/expressaoms.com.br\/index.php\/wp-json\/wp\/v2\/posts"}],"about":[{"href":"https:\/\/expressaoms.com.br\/index.php\/wp-json\/wp\/v2\/types\/post"}],"author":[{"embeddable":true,"href":"https:\/\/expressaoms.com.br\/index.php\/wp-json\/wp\/v2\/users\/5"}],"replies":[{"embeddable":true,"href":"https:\/\/expressaoms.com.br\/index.php\/wp-json\/wp\/v2\/comments?post=44602"}],"version-history":[{"count":1,"href":"https:\/\/expressaoms.com.br\/index.php\/wp-json\/wp\/v2\/posts\/44602\/revisions"}],"predecessor-version":[{"id":44604,"href":"https:\/\/expressaoms.com.br\/index.php\/wp-json\/wp\/v2\/posts\/44602\/revisions\/44604"}],"wp:featuredmedia":[{"embeddable":true,"href":"https:\/\/expressaoms.com.br\/index.php\/wp-json\/wp\/v2\/media\/44603"}],"wp:attachment":[{"href":"https:\/\/expressaoms.com.br\/index.php\/wp-json\/wp\/v2\/media?parent=44602"}],"wp:term":[{"taxonomy":"category","embeddable":true,"href":"https:\/\/expressaoms.com.br\/index.php\/wp-json\/wp\/v2\/categories?post=44602"},{"taxonomy":"post_tag","embeddable":true,"href":"https:\/\/expressaoms.com.br\/index.php\/wp-json\/wp\/v2\/tags?post=44602"}],"curies":[{"name":"wp","href":"https:\/\/api.w.org\/{rel}","templated":true}]}}