{"id":44624,"date":"2026-03-18T13:22:02","date_gmt":"2026-03-18T17:22:02","guid":{"rendered":"https:\/\/expressaoms.com.br\/?p=44624"},"modified":"2026-03-18T13:22:02","modified_gmt":"2026-03-18T17:22:02","slug":"unidade-de-saude-promove-acao-especial-do-marco-lilas-com-foco-na-prevencao","status":"publish","type":"post","link":"https:\/\/expressaoms.com.br\/index.php\/2026\/03\/18\/unidade-de-saude-promove-acao-especial-do-marco-lilas-com-foco-na-prevencao\/","title":{"rendered":"Unidade de Sa\u00fade promove a\u00e7\u00e3o especial do Mar\u00e7o Lil\u00e1s com foco na preven\u00e7\u00e3o"},"content":{"rendered":"<p>A Unidade de Sa\u00fade da Fam\u00edlia Joel Neves da Silva realiza, no pr\u00f3ximo dia 21 de mar\u00e7o, uma a\u00e7\u00e3o especial em alus\u00e3o ao Mar\u00e7o Lil\u00e1s, m\u00eas dedicado \u00e0 conscientiza\u00e7\u00e3o e combate ao c\u00e2ncer de colo de \u00fatero. A programa\u00e7\u00e3o acontece das 7h30 \u00e0s 11h30 e \u00e9 voltada ao cuidado e \u00e0 preven\u00e7\u00e3o da sa\u00fade da mulher.<\/p>\n<p>Durante a manh\u00e3, ser\u00e3o ofertados diversos servi\u00e7os gratuitos, com destaque para a coleta de exame preventivo destinada a mulheres entre 25 e 64 anos, p\u00fablico-alvo priorit\u00e1rio para o rastreamento da doen\u00e7a. A iniciativa busca ampliar o acesso ao diagn\u00f3stico precoce, fundamental para aumentar as chances de tratamento e cura.<\/p>\n<p>Al\u00e9m disso, a a\u00e7\u00e3o contar\u00e1 com a realiza\u00e7\u00e3o de testes r\u00e1pidos, vacina\u00e7\u00e3o, atendimento farmac\u00eautico e um coffee break preparado para acolher as participantes. A proposta \u00e9 unir cuidado, informa\u00e7\u00e3o e acolhimento em um \u00fanico momento, facilitando o acesso da popula\u00e7\u00e3o aos servi\u00e7os b\u00e1sicos de sa\u00fade.<\/p>\n<p>O Mar\u00e7o Lil\u00e1s refor\u00e7a a import\u00e2ncia da preven\u00e7\u00e3o e do acompanhamento regular, especialmente no combate ao c\u00e2ncer de colo do \u00fatero, uma das doen\u00e7as que mais atingem mulheres no Brasil. A mobiliza\u00e7\u00e3o da unidade de sa\u00fade \u00e9 um convite direto para que as mulheres cuidem de si, sem deixar para depois o que pode salvar vidas.<\/p>\n<p><img fetchpriority=\"high\" decoding=\"async\" class=\"alignnone size-medium wp-image-44626\" src=\"https:\/\/expressaoms.com.br\/wp-content\/uploads\/2026\/03\/WhatsApp-Image-2026-03-18-at-09.17.37-243x300.jpeg\" alt=\"\" width=\"243\" height=\"300\" srcset=\"https:\/\/expressaoms.com.br\/wp-content\/uploads\/2026\/03\/WhatsApp-Image-2026-03-18-at-09.17.37-243x300.jpeg 243w, https:\/\/expressaoms.com.br\/wp-content\/uploads\/2026\/03\/WhatsApp-Image-2026-03-18-at-09.17.37-828x1024.jpeg 828w, https:\/\/expressaoms.com.br\/wp-content\/uploads\/2026\/03\/WhatsApp-Image-2026-03-18-at-09.17.37-768x950.jpeg 768w, https:\/\/expressaoms.com.br\/wp-content\/uploads\/2026\/03\/WhatsApp-Image-2026-03-18-at-09.17.37-600x742.jpeg 600w, https:\/\/expressaoms.com.br\/wp-content\/uploads\/2026\/03\/WhatsApp-Image-2026-03-18-at-09.17.37.jpeg 949w\" sizes=\"(max-width: 243px) 100vw, 243px\" \/><\/p>\n","protected":false},"excerpt":{"rendered":"<p>A Unidade de Sa\u00fade da Fam\u00edlia Joel Neves da Silva realiza, no pr\u00f3ximo dia 21 de mar\u00e7o, uma a\u00e7\u00e3o especial em alus\u00e3o ao Mar\u00e7o Lil\u00e1s, m\u00eas dedicado \u00e0 conscientiza\u00e7\u00e3o e combate ao c\u00e2ncer de colo de \u00fatero. A programa\u00e7\u00e3o acontece das 7h30 \u00e0s 11h30 e \u00e9 voltada ao cuidado e \u00e0 preven\u00e7\u00e3o da sa\u00fade da [&hellip;]<\/p>\n","protected":false},"author":5,"featured_media":44625,"comment_status":"open","ping_status":"open","sticky":false,"template":"","format":"standard","meta":{"om_disable_all_campaigns":false,"_monsterinsights_skip_tracking":false,"_monsterinsights_sitenote_active":false,"_monsterinsights_sitenote_note":"","_monsterinsights_sitenote_category":0,"footnotes":""},"categories":[30,266,193,44,48],"tags":[],"aioseo_notices":[],"_links":{"self":[{"href":"https:\/\/expressaoms.com.br\/index.php\/wp-json\/wp\/v2\/posts\/44624"}],"collection":[{"href":"https:\/\/expressaoms.com.br\/index.php\/wp-json\/wp\/v2\/posts"}],"about":[{"href":"https:\/\/expressaoms.com.br\/index.php\/wp-json\/wp\/v2\/types\/post"}],"author":[{"embeddable":true,"href":"https:\/\/expressaoms.com.br\/index.php\/wp-json\/wp\/v2\/users\/5"}],"replies":[{"embeddable":true,"href":"https:\/\/expressaoms.com.br\/index.php\/wp-json\/wp\/v2\/comments?post=44624"}],"version-history":[{"count":1,"href":"https:\/\/expressaoms.com.br\/index.php\/wp-json\/wp\/v2\/posts\/44624\/revisions"}],"predecessor-version":[{"id":44627,"href":"https:\/\/expressaoms.com.br\/index.php\/wp-json\/wp\/v2\/posts\/44624\/revisions\/44627"}],"wp:featuredmedia":[{"embeddable":true,"href":"https:\/\/expressaoms.com.br\/index.php\/wp-json\/wp\/v2\/media\/44625"}],"wp:attachment":[{"href":"https:\/\/expressaoms.com.br\/index.php\/wp-json\/wp\/v2\/media?parent=44624"}],"wp:term":[{"taxonomy":"category","embeddable":true,"href":"https:\/\/expressaoms.com.br\/index.php\/wp-json\/wp\/v2\/categories?post=44624"},{"taxonomy":"post_tag","embeddable":true,"href":"https:\/\/expressaoms.com.br\/index.php\/wp-json\/wp\/v2\/tags?post=44624"}],"curies":[{"name":"wp","href":"https:\/\/api.w.org\/{rel}","templated":true}]}}