{"id":44746,"date":"2026-03-23T10:49:02","date_gmt":"2026-03-23T14:49:02","guid":{"rendered":"https:\/\/expressaoms.com.br\/?p=44746"},"modified":"2026-03-23T10:49:02","modified_gmt":"2026-03-23T14:49:02","slug":"tres-lagoas-se-destaca-no-startup-day-e-fortalece-ambiente-de-inovacao-com-apoio-da-prefeitura","status":"publish","type":"post","link":"https:\/\/expressaoms.com.br\/index.php\/2026\/03\/23\/tres-lagoas-se-destaca-no-startup-day-e-fortalece-ambiente-de-inovacao-com-apoio-da-prefeitura\/","title":{"rendered":"Tr\u00eas Lagoas se destaca no Startup Day e fortalece ambiente de inova\u00e7\u00e3o com apoio da Prefeitura"},"content":{"rendered":"<p>Tr\u00eas Lagoas voltou a se posicionar como refer\u00eancia regional em inova\u00e7\u00e3o ao sediar, no s\u00e1bado, 21 de mar\u00e7o, mais uma edi\u00e7\u00e3o do Startup Day, evento que reuniu empreendedores, estudantes, investidores e especialistas para discutir tecnologia, neg\u00f3cios e desenvolvimento econ\u00f4mico. A iniciativa, promovida pelo Sebrae\/MS, destacou o munic\u00edpio como um dos polos emergentes de inova\u00e7\u00e3o no Estado e contou com atua\u00e7\u00e3o da Prefeitura de Tr\u00eas Lagoas, por meio da Secretaria Municipal de Desenvolvimento Econ\u00f4mico, Ci\u00eancia, Tecnologia e Inova\u00e7\u00e3o (SEDECTI).<\/p>\n<p>O secret\u00e1rio da pasta, Marcos Gomes J\u00fanior, junto de sua equipe, tiveram papel de destaque na articula\u00e7\u00e3o e fortalecimento do ecossistema local de inova\u00e7\u00e3o, ressaltando a import\u00e2ncia de iniciativas como essa para o futuro da cidade.<\/p>\n<p>\u201cTr\u00eas Lagoas vive um momento de transforma\u00e7\u00e3o. Estamos consolidando um ambiente cada vez mais favor\u00e1vel para inova\u00e7\u00e3o, empreendedorismo e tecnologia. Eventos como o Startup Day conectam pessoas, geram oportunidades e mostram o potencial do nosso munic\u00edpio dentro do cen\u00e1rio estadual e nacional\u201d, destacou o secret\u00e1rio.<\/p>\n<p>A realiza\u00e7\u00e3o do evento d\u00e1 ainda mais destaque para o posicionamento de Tr\u00eas Lagoas como um dos polos emergentes do chamado \u201cVale da Celulose\u201d, regi\u00e3o que vem atraindo investimentos e ampliando sua atua\u00e7\u00e3o para al\u00e9m do setor industrial, avan\u00e7ando tamb\u00e9m nas \u00e1reas de tecnologia e inova\u00e7\u00e3o.<\/p>\n<p>Com apoio institucional da Prefeitura, o Startup Day contribui diretamente para a forma\u00e7\u00e3o de novos neg\u00f3cios, incentivo ao empreendedorismo e fortalecimento de conex\u00f5es entre diferentes setores da economia. A participa\u00e7\u00e3o ativa do poder p\u00fablico tem sido fundamental para criar um ambiente prop\u00edcio ao desenvolvimento de startups e \u00e0 gera\u00e7\u00e3o de emprego e renda.<\/p>\n<p>Al\u00e9m de palestras e pain\u00e9is, o evento promoveu troca de experi\u00eancias e networking, aproximando ideias inovadoras de oportunidades reais de mercado. A SEDECTI tem atuado de forma estrat\u00e9gica para ampliar esse cen\u00e1rio, incentivando a qualifica\u00e7\u00e3o, o acesso \u00e0 tecnologia e a cria\u00e7\u00e3o de solu\u00e7\u00f5es que impactem positivamente a economia local.<\/p>\n","protected":false},"excerpt":{"rendered":"<p>Tr\u00eas Lagoas voltou a se posicionar como refer\u00eancia regional em inova\u00e7\u00e3o ao sediar, no s\u00e1bado, 21 de mar\u00e7o, mais uma edi\u00e7\u00e3o do Startup Day, evento que reuniu empreendedores, estudantes, investidores e especialistas para discutir tecnologia, neg\u00f3cios e desenvolvimento econ\u00f4mico. A iniciativa, promovida pelo Sebrae\/MS, destacou o munic\u00edpio como um dos polos emergentes de inova\u00e7\u00e3o no [&hellip;]<\/p>\n","protected":false},"author":5,"featured_media":44744,"comment_status":"open","ping_status":"open","sticky":false,"template":"","format":"standard","meta":{"om_disable_all_campaigns":false,"_monsterinsights_skip_tracking":false,"_monsterinsights_sitenote_active":false,"_monsterinsights_sitenote_note":"","_monsterinsights_sitenote_category":0,"footnotes":""},"categories":[30,36,266,193,48],"tags":[],"aioseo_notices":[],"_links":{"self":[{"href":"https:\/\/expressaoms.com.br\/index.php\/wp-json\/wp\/v2\/posts\/44746"}],"collection":[{"href":"https:\/\/expressaoms.com.br\/index.php\/wp-json\/wp\/v2\/posts"}],"about":[{"href":"https:\/\/expressaoms.com.br\/index.php\/wp-json\/wp\/v2\/types\/post"}],"author":[{"embeddable":true,"href":"https:\/\/expressaoms.com.br\/index.php\/wp-json\/wp\/v2\/users\/5"}],"replies":[{"embeddable":true,"href":"https:\/\/expressaoms.com.br\/index.php\/wp-json\/wp\/v2\/comments?post=44746"}],"version-history":[{"count":1,"href":"https:\/\/expressaoms.com.br\/index.php\/wp-json\/wp\/v2\/posts\/44746\/revisions"}],"predecessor-version":[{"id":44748,"href":"https:\/\/expressaoms.com.br\/index.php\/wp-json\/wp\/v2\/posts\/44746\/revisions\/44748"}],"wp:featuredmedia":[{"embeddable":true,"href":"https:\/\/expressaoms.com.br\/index.php\/wp-json\/wp\/v2\/media\/44744"}],"wp:attachment":[{"href":"https:\/\/expressaoms.com.br\/index.php\/wp-json\/wp\/v2\/media?parent=44746"}],"wp:term":[{"taxonomy":"category","embeddable":true,"href":"https:\/\/expressaoms.com.br\/index.php\/wp-json\/wp\/v2\/categories?post=44746"},{"taxonomy":"post_tag","embeddable":true,"href":"https:\/\/expressaoms.com.br\/index.php\/wp-json\/wp\/v2\/tags?post=44746"}],"curies":[{"name":"wp","href":"https:\/\/api.w.org\/{rel}","templated":true}]}}