{"id":4480,"date":"2022-02-10T10:04:24","date_gmt":"2022-02-10T13:04:24","guid":{"rendered":"https:\/\/expressaoms.com.br\/?p=4480"},"modified":"2022-02-10T10:04:24","modified_gmt":"2022-02-10T13:04:24","slug":"ses-recebe-nesta-quinta-feira-26-300-doses-de-vacina-da-pfizer-para-uso-pediatrico","status":"publish","type":"post","link":"https:\/\/expressaoms.com.br\/index.php\/2022\/02\/10\/ses-recebe-nesta-quinta-feira-26-300-doses-de-vacina-da-pfizer-para-uso-pediatrico\/","title":{"rendered":"SES recebe nesta quinta-feira 26.300 doses de vacina da Pfizer para uso pedi\u00e1trico"},"content":{"rendered":"<p>O Governo do Estado, por meio da Secretaria de Estado de Sa\u00fade, recebe 26.300 doses de vacina da Pfizer para uso pedi\u00e1trico. A remessa com o imunizante chega nesta quinta-feira (10), no voo LA-3676, \u00e0s 7h35, no Aeroporto Internacional de Campo Grande.<\/p>\n<p>As doses ser\u00e3o encaminhadas para a sede da Coordenadoria Estadual de Vigil\u00e2ncia Epidemiol\u00f3gica (CEVE) e logo ap\u00f3s, depois de separadas, com previs\u00e3o de entrega aos munic\u00edpios a partir das 9 horas.<\/p>\n<p>As doses Pfizer pedi\u00e1trica refor\u00e7ar\u00e3o a imuniza\u00e7\u00e3o de crian\u00e7as para o retorno seguro \u00e0s aulas presenciais nas escolas p\u00fablicas de Mato Grosso do Sul. Em reuni\u00e3o com autoridades municipais de Sa\u00fade e Educa\u00e7\u00e3o, o Governo do Estado, por meio da SES, alinhou estrat\u00e9gias para a vacina\u00e7\u00e3o dos alunos.<\/p>\n<p>\u201cEstamos criando estrat\u00e9gias para imunizar as crian\u00e7as de 5 a 11 anos em a\u00e7\u00f5es conjuntas entre a Sa\u00fade e a Educa\u00e7\u00e3o de cada munic\u00edpio. Vamos respeitar todo o planejamento que cada munic\u00edpio construir, entendendo que o nosso objetivo \u00e9 fazer avan\u00e7ar a imuniza\u00e7\u00e3o\u201d, destacou o secret\u00e1rio estadual de Sa\u00fade Geraldo Resende.<\/p>\n<p>O objetivo \u00e9 fazer tr\u00eas dias de conscientiza\u00e7\u00e3o e fechar com o \u201cDia D\u201d, com a vacina\u00e7\u00e3o de crian\u00e7as que estiverem acompanhadas pelos pais, no dia 11 de fevereiro. Conforme o Vacin\u00f4metro MS, 63.402 doses j\u00e1 foram aplicadas em crian\u00e7as entre 5 a 11 anos, at\u00e9 \u00e0s 17h desta quarta-feira (9), o que representa 21% &#8211; do p\u00fablico-alvo estimado em mais de 301 mil crian\u00e7as que est\u00e3o aptas a receberem o imunizante.<\/p>\n<p>Fonte: Governo MS<\/p>\n","protected":false},"excerpt":{"rendered":"<p>O Governo do Estado, por meio da Secretaria de Estado de Sa\u00fade, recebe 26.300 doses de vacina da Pfizer para uso pedi\u00e1trico. A remessa com o imunizante chega nesta quinta-feira (10), no voo LA-3676, \u00e0s 7h35, no Aeroporto Internacional de Campo Grande. As doses ser\u00e3o encaminhadas para a sede da Coordenadoria Estadual de Vigil\u00e2ncia Epidemiol\u00f3gica [&hellip;]<\/p>\n","protected":false},"author":2,"featured_media":4481,"comment_status":"open","ping_status":"open","sticky":false,"template":"","format":"standard","meta":{"om_disable_all_campaigns":false,"_monsterinsights_skip_tracking":false,"_monsterinsights_sitenote_active":false,"_monsterinsights_sitenote_note":"","_monsterinsights_sitenote_category":0,"footnotes":""},"categories":[44],"tags":[],"aioseo_notices":[],"_links":{"self":[{"href":"https:\/\/expressaoms.com.br\/index.php\/wp-json\/wp\/v2\/posts\/4480"}],"collection":[{"href":"https:\/\/expressaoms.com.br\/index.php\/wp-json\/wp\/v2\/posts"}],"about":[{"href":"https:\/\/expressaoms.com.br\/index.php\/wp-json\/wp\/v2\/types\/post"}],"author":[{"embeddable":true,"href":"https:\/\/expressaoms.com.br\/index.php\/wp-json\/wp\/v2\/users\/2"}],"replies":[{"embeddable":true,"href":"https:\/\/expressaoms.com.br\/index.php\/wp-json\/wp\/v2\/comments?post=4480"}],"version-history":[{"count":1,"href":"https:\/\/expressaoms.com.br\/index.php\/wp-json\/wp\/v2\/posts\/4480\/revisions"}],"predecessor-version":[{"id":4482,"href":"https:\/\/expressaoms.com.br\/index.php\/wp-json\/wp\/v2\/posts\/4480\/revisions\/4482"}],"wp:featuredmedia":[{"embeddable":true,"href":"https:\/\/expressaoms.com.br\/index.php\/wp-json\/wp\/v2\/media\/4481"}],"wp:attachment":[{"href":"https:\/\/expressaoms.com.br\/index.php\/wp-json\/wp\/v2\/media?parent=4480"}],"wp:term":[{"taxonomy":"category","embeddable":true,"href":"https:\/\/expressaoms.com.br\/index.php\/wp-json\/wp\/v2\/categories?post=4480"},{"taxonomy":"post_tag","embeddable":true,"href":"https:\/\/expressaoms.com.br\/index.php\/wp-json\/wp\/v2\/tags?post=4480"}],"curies":[{"name":"wp","href":"https:\/\/api.w.org\/{rel}","templated":true}]}}