{"id":4484,"date":"2022-02-10T08:09:29","date_gmt":"2022-02-10T11:09:29","guid":{"rendered":"https:\/\/expressaoms.com.br\/?p=4484"},"modified":"2022-02-10T10:11:48","modified_gmt":"2022-02-10T13:11:48","slug":"campo-grande-adia-volta-as-aulas-na-rede-municipal-para-3-de-marco","status":"publish","type":"post","link":"https:\/\/expressaoms.com.br\/index.php\/2022\/02\/10\/campo-grande-adia-volta-as-aulas-na-rede-municipal-para-3-de-marco\/","title":{"rendered":"Campo Grande adia volta \u00e0s aulas na rede municipal para 3 de mar\u00e7o"},"content":{"rendered":"<p>A volta \u00e0s aulas na Rede Municipal de Ensino (Reme) de Campo Grande foi adiada. O retorno ficou definido para o dia 3 de mar\u00e7o. A decis\u00e3o leva em considera\u00e7\u00e3o o cen\u00e1rio da Covid, como o aumento de casos de coronav\u00edrus na capital.<\/p>\n<p>Os alunos das 204 unidades escolares de educa\u00e7\u00e3o infantil (EMEIs) e ensino fundamental v\u00e3o ser afetados com o adiamento.<\/p>\n<p>Em nota, a secretaria municipal de Educa\u00e7\u00e3o (Semed) detalhou que al\u00e9m do cen\u00e1rio da Covid, a nova variante do coronav\u00edrus, \u00f4micron, \u00e9 motivo de medo para o retorno das aulas de forma segura.<\/p>\n<p>&#8220;O adiamento tem como objetivo preservar a sa\u00fade dos alunos, professores e servidores do quadro administrativo das unidades de ensino da Reme&#8221;, detalham em nota.<\/p>\n<p>Fonte: G1 MS<\/p>\n","protected":false},"excerpt":{"rendered":"<p>A volta \u00e0s aulas na Rede Municipal de Ensino (Reme) de Campo Grande foi adiada. O retorno ficou definido para o dia 3 de mar\u00e7o. A decis\u00e3o leva em considera\u00e7\u00e3o o cen\u00e1rio da Covid, como o aumento de casos de coronav\u00edrus na capital. Os alunos das 204 unidades escolares de educa\u00e7\u00e3o infantil (EMEIs) e ensino [&hellip;]<\/p>\n","protected":false},"author":2,"featured_media":4487,"comment_status":"open","ping_status":"open","sticky":false,"template":"","format":"standard","meta":{"om_disable_all_campaigns":false,"_monsterinsights_skip_tracking":false,"_monsterinsights_sitenote_active":false,"_monsterinsights_sitenote_note":"","_monsterinsights_sitenote_category":0,"footnotes":""},"categories":[27,30,32,193],"tags":[],"aioseo_notices":[],"_links":{"self":[{"href":"https:\/\/expressaoms.com.br\/index.php\/wp-json\/wp\/v2\/posts\/4484"}],"collection":[{"href":"https:\/\/expressaoms.com.br\/index.php\/wp-json\/wp\/v2\/posts"}],"about":[{"href":"https:\/\/expressaoms.com.br\/index.php\/wp-json\/wp\/v2\/types\/post"}],"author":[{"embeddable":true,"href":"https:\/\/expressaoms.com.br\/index.php\/wp-json\/wp\/v2\/users\/2"}],"replies":[{"embeddable":true,"href":"https:\/\/expressaoms.com.br\/index.php\/wp-json\/wp\/v2\/comments?post=4484"}],"version-history":[{"count":2,"href":"https:\/\/expressaoms.com.br\/index.php\/wp-json\/wp\/v2\/posts\/4484\/revisions"}],"predecessor-version":[{"id":4486,"href":"https:\/\/expressaoms.com.br\/index.php\/wp-json\/wp\/v2\/posts\/4484\/revisions\/4486"}],"wp:featuredmedia":[{"embeddable":true,"href":"https:\/\/expressaoms.com.br\/index.php\/wp-json\/wp\/v2\/media\/4487"}],"wp:attachment":[{"href":"https:\/\/expressaoms.com.br\/index.php\/wp-json\/wp\/v2\/media?parent=4484"}],"wp:term":[{"taxonomy":"category","embeddable":true,"href":"https:\/\/expressaoms.com.br\/index.php\/wp-json\/wp\/v2\/categories?post=4484"},{"taxonomy":"post_tag","embeddable":true,"href":"https:\/\/expressaoms.com.br\/index.php\/wp-json\/wp\/v2\/tags?post=4484"}],"curies":[{"name":"wp","href":"https:\/\/api.w.org\/{rel}","templated":true}]}}