{"id":4492,"date":"2022-02-10T14:26:07","date_gmt":"2022-02-10T17:26:07","guid":{"rendered":"https:\/\/expressaoms.com.br\/?p=4492"},"modified":"2022-02-10T14:26:07","modified_gmt":"2022-02-10T17:26:07","slug":"em-fase-final-obra-de-escola-rural-de-arapua-estara-pronta-para-inicio-do-ano-letivo-em-marco","status":"publish","type":"post","link":"https:\/\/expressaoms.com.br\/index.php\/2022\/02\/10\/em-fase-final-obra-de-escola-rural-de-arapua-estara-pronta-para-inicio-do-ano-letivo-em-marco\/","title":{"rendered":"Em fase final, obra de Escola Rural de Arapu\u00e1 estar\u00e1 pronta para in\u00edcio do ano letivo em mar\u00e7o"},"content":{"rendered":"<p>O prefeito de Tr\u00eas Lagoas Angelo Guerreiro acompanhado dos secret\u00e1rios de Educa\u00e7\u00e3o e Cultura (SEMEC) \u2013 Angela Brito e Infraestrutura, Transporte e Tr\u00e2nsito (SEINTRA) \u2013 Adriano Barreto, estiveram na obra de readequa\u00e7\u00e3o do pr\u00e9dio que ir\u00e1 abrigar a Escola Municipal de Educa\u00e7\u00e3o no Campo, no Distrito de Arapu\u00e1.<\/p>\n<p>A nova unidade localizada na Rua Eduardo Galv\u00e3o, come\u00e7ar\u00e1 a atender no pr\u00f3ximo m\u00eas, junto com o in\u00edcio do ano letivo de 2022, no dia 03 de mar\u00e7o.<\/p>\n<p>De acordo com a secret\u00e1ria de Educa\u00e7\u00e3o, Angela Brito, o pr\u00e9dio ir\u00e1 funcionar na modalidade de Escola Mista, ou seja, uma unidade educacional que vai atender tanto a educa\u00e7\u00e3o infantil, com crian\u00e7as a partir dos tr\u00eas anos de idade at\u00e9 o segundo ano do ensino fundamental.<\/p>\n<p>Angelo Guerreiro destacou que vem acompanhando desde o in\u00edcio a readequa\u00e7\u00e3o do pr\u00e9dio que agora entrou em fase final, \u201c \u00c9 um compromisso dessa Gest\u00e3o investir em todos os \u00e2mbitos da educa\u00e7\u00e3o.<\/p>\n<p>Fonte: PMTL<\/p>\n","protected":false},"excerpt":{"rendered":"<p>O prefeito de Tr\u00eas Lagoas Angelo Guerreiro acompanhado dos secret\u00e1rios de Educa\u00e7\u00e3o e Cultura (SEMEC) \u2013 Angela Brito e Infraestrutura, Transporte e Tr\u00e2nsito (SEINTRA) \u2013 Adriano Barreto, estiveram na obra de readequa\u00e7\u00e3o do pr\u00e9dio que ir\u00e1 abrigar a Escola Municipal de Educa\u00e7\u00e3o no Campo, no Distrito de Arapu\u00e1. A nova unidade localizada na Rua Eduardo [&hellip;]<\/p>\n","protected":false},"author":2,"featured_media":4493,"comment_status":"open","ping_status":"open","sticky":false,"template":"","format":"standard","meta":{"om_disable_all_campaigns":false,"_monsterinsights_skip_tracking":false,"_monsterinsights_sitenote_active":false,"_monsterinsights_sitenote_note":"","_monsterinsights_sitenote_category":0,"footnotes":""},"categories":[32,36,192,48],"tags":[],"aioseo_notices":[],"_links":{"self":[{"href":"https:\/\/expressaoms.com.br\/index.php\/wp-json\/wp\/v2\/posts\/4492"}],"collection":[{"href":"https:\/\/expressaoms.com.br\/index.php\/wp-json\/wp\/v2\/posts"}],"about":[{"href":"https:\/\/expressaoms.com.br\/index.php\/wp-json\/wp\/v2\/types\/post"}],"author":[{"embeddable":true,"href":"https:\/\/expressaoms.com.br\/index.php\/wp-json\/wp\/v2\/users\/2"}],"replies":[{"embeddable":true,"href":"https:\/\/expressaoms.com.br\/index.php\/wp-json\/wp\/v2\/comments?post=4492"}],"version-history":[{"count":2,"href":"https:\/\/expressaoms.com.br\/index.php\/wp-json\/wp\/v2\/posts\/4492\/revisions"}],"predecessor-version":[{"id":4495,"href":"https:\/\/expressaoms.com.br\/index.php\/wp-json\/wp\/v2\/posts\/4492\/revisions\/4495"}],"wp:featuredmedia":[{"embeddable":true,"href":"https:\/\/expressaoms.com.br\/index.php\/wp-json\/wp\/v2\/media\/4493"}],"wp:attachment":[{"href":"https:\/\/expressaoms.com.br\/index.php\/wp-json\/wp\/v2\/media?parent=4492"}],"wp:term":[{"taxonomy":"category","embeddable":true,"href":"https:\/\/expressaoms.com.br\/index.php\/wp-json\/wp\/v2\/categories?post=4492"},{"taxonomy":"post_tag","embeddable":true,"href":"https:\/\/expressaoms.com.br\/index.php\/wp-json\/wp\/v2\/tags?post=4492"}],"curies":[{"name":"wp","href":"https:\/\/api.w.org\/{rel}","templated":true}]}}