{"id":44956,"date":"2026-03-27T14:23:15","date_gmt":"2026-03-27T18:23:15","guid":{"rendered":"https:\/\/expressaoms.com.br\/?p=44956"},"modified":"2026-03-27T14:23:15","modified_gmt":"2026-03-27T18:23:15","slug":"vereador-fernando-jurado-propoe-sistema-autodeclaratorio-para-itbi-e-alvaras-para-reduzir-burocracia-em-ms","status":"publish","type":"post","link":"https:\/\/expressaoms.com.br\/index.php\/2026\/03\/27\/vereador-fernando-jurado-propoe-sistema-autodeclaratorio-para-itbi-e-alvaras-para-reduzir-burocracia-em-ms\/","title":{"rendered":"Vereador Fernando Jurado prop\u00f5e sistema autodeclarat\u00f3rio para ITBI e alvar\u00e1s para reduzir burocracia em MS"},"content":{"rendered":"<p class=\"ds-markdown-paragraph\">Em audi\u00eancia p\u00fablica realizada nesta semana, o vereador Fernando Jurado apresentou uma proposta inovadora que promete modernizar a administra\u00e7\u00e3o p\u00fablica municipal: a cria\u00e7\u00e3o de um sistema eletr\u00f4nico e autodeclarat\u00f3rio para a emiss\u00e3o de alvar\u00e1s de funcionamento e de constru\u00e7\u00e3o, al\u00e9m da implanta\u00e7\u00e3o de um modelo simplificado para o ITBI.<\/p>\n<p class=\"ds-markdown-paragraph\">A iniciativa, intitulada \u201cComo vencer burocracias com ideias inovadoras \u2014 ITBI e Alvar\u00e1 de constru\u00e7\u00e3o, autodeclarat\u00f3rio\u201d, reuniu autoridades, especialistas e representantes da sociedade civil para debater solu\u00e7\u00f5es que desburocratizem o ambiente de neg\u00f3cios e estimulem o desenvolvimento econ\u00f4mico.<\/p>\n<p class=\"ds-markdown-paragraph\">O principal eixo da proposta \u00e9 a implementa\u00e7\u00e3o de um sistema de licenciamento municipal instant\u00e2neo, voltado a atividades econ\u00f4micas de baixo risco. Por meio de uma plataforma digital integrada, o empreendedor poder\u00e1 realizar todo o processo de forma simplificada \u2014 desde o cadastro da empresa at\u00e9 a emiss\u00e3o autom\u00e1tica ou provis\u00f3ria do alvar\u00e1 de funcionamento \u2014 com posterior fiscaliza\u00e7\u00e3o pelos \u00f3rg\u00e3os competentes.<\/p>\n<p class=\"ds-markdown-paragraph\">\u201cPrecisamos modernizar a administra\u00e7\u00e3o p\u00fablica, reduzir entraves burocr\u00e1ticos e facilitar a vida do empreendedor, sem abrir m\u00e3o da responsabilidade e da fiscaliza\u00e7\u00e3o\u201d, destacou Jurado durante o evento.<\/p>\n<p class=\"ds-markdown-paragraph\">A audi\u00eancia contou com a participa\u00e7\u00e3o do secret\u00e1rio de Desenvolvimento Econ\u00f4mico, Marcos Ant\u00f4nio Gomes J\u00fanior, e de representantes de setores como constru\u00e7\u00e3o civil, imobili\u00e1rio e com\u00e9rcio. Entre os nomes \u00e0 mesa estavam o arquiteto e ex-secret\u00e1rio Luis Eduardo Costa, a presidente do SINDIM\u00d3VEIS-MS, Luciana de Almeida, e o presidente da Associa\u00e7\u00e3o dos Engenheiros de Tr\u00eas Lagoas, Mateus Falco, entre outros.<\/p>\n<p class=\"ds-markdown-paragraph\">Durante os debates, duas propostas concretas ganharam destaque:<\/p>\n<ol start=\"1\">\n<li>\n<p class=\"ds-markdown-paragraph\"><strong>Implanta\u00e7\u00e3o do Sistema Eletr\u00f4nico e Autodeclarat\u00f3rio do ITBI<\/strong>, com o objetivo de garantir mais celeridade, transpar\u00eancia e efici\u00eancia nos processos de transmiss\u00e3o de bens im\u00f3veis;<\/p>\n<\/li>\n<li>\n<p class=\"ds-markdown-paragraph\"><strong>Cria\u00e7\u00e3o do Alvar\u00e1 de Constru\u00e7\u00e3o Eletr\u00f4nico e Autodeclarat\u00f3rio<\/strong>, voltado \u00e0 simplifica\u00e7\u00e3o do licenciamento de obras, redu\u00e7\u00e3o da burocracia e incentivo ao desenvolvimento urbano sustent\u00e1vel.<\/p>\n<\/li>\n<\/ol>\n<p class=\"ds-markdown-paragraph\">A iniciativa refor\u00e7a a necessidade de inova\u00e7\u00e3o na gest\u00e3o p\u00fablica e evidencia o compromisso com pol\u00edticas que favore\u00e7am o crescimento econ\u00f4mico, a seguran\u00e7a jur\u00eddica e a melhoria do ambiente de neg\u00f3cios no munic\u00edpio.<\/p>\n","protected":false},"excerpt":{"rendered":"<p>Em audi\u00eancia p\u00fablica realizada nesta semana, o vereador Fernando Jurado apresentou uma proposta inovadora que promete modernizar a administra\u00e7\u00e3o p\u00fablica municipal: a cria\u00e7\u00e3o de um sistema eletr\u00f4nico e autodeclarat\u00f3rio para a emiss\u00e3o de alvar\u00e1s de funcionamento e de constru\u00e7\u00e3o, al\u00e9m da implanta\u00e7\u00e3o de um modelo simplificado para o ITBI. A iniciativa, intitulada \u201cComo vencer burocracias [&hellip;]<\/p>\n","protected":false},"author":5,"featured_media":44957,"comment_status":"open","ping_status":"open","sticky":false,"template":"","format":"standard","meta":{"om_disable_all_campaigns":false,"_monsterinsights_skip_tracking":false,"_monsterinsights_sitenote_active":false,"_monsterinsights_sitenote_note":"","_monsterinsights_sitenote_category":0,"footnotes":""},"categories":[30,266,42,193,48],"tags":[],"aioseo_notices":[],"_links":{"self":[{"href":"https:\/\/expressaoms.com.br\/index.php\/wp-json\/wp\/v2\/posts\/44956"}],"collection":[{"href":"https:\/\/expressaoms.com.br\/index.php\/wp-json\/wp\/v2\/posts"}],"about":[{"href":"https:\/\/expressaoms.com.br\/index.php\/wp-json\/wp\/v2\/types\/post"}],"author":[{"embeddable":true,"href":"https:\/\/expressaoms.com.br\/index.php\/wp-json\/wp\/v2\/users\/5"}],"replies":[{"embeddable":true,"href":"https:\/\/expressaoms.com.br\/index.php\/wp-json\/wp\/v2\/comments?post=44956"}],"version-history":[{"count":1,"href":"https:\/\/expressaoms.com.br\/index.php\/wp-json\/wp\/v2\/posts\/44956\/revisions"}],"predecessor-version":[{"id":44958,"href":"https:\/\/expressaoms.com.br\/index.php\/wp-json\/wp\/v2\/posts\/44956\/revisions\/44958"}],"wp:featuredmedia":[{"embeddable":true,"href":"https:\/\/expressaoms.com.br\/index.php\/wp-json\/wp\/v2\/media\/44957"}],"wp:attachment":[{"href":"https:\/\/expressaoms.com.br\/index.php\/wp-json\/wp\/v2\/media?parent=44956"}],"wp:term":[{"taxonomy":"category","embeddable":true,"href":"https:\/\/expressaoms.com.br\/index.php\/wp-json\/wp\/v2\/categories?post=44956"},{"taxonomy":"post_tag","embeddable":true,"href":"https:\/\/expressaoms.com.br\/index.php\/wp-json\/wp\/v2\/tags?post=44956"}],"curies":[{"name":"wp","href":"https:\/\/api.w.org\/{rel}","templated":true}]}}