{"id":4496,"date":"2022-02-10T14:31:39","date_gmt":"2022-02-10T17:31:39","guid":{"rendered":"https:\/\/expressaoms.com.br\/?p=4496"},"modified":"2022-02-10T14:31:39","modified_gmt":"2022-02-10T17:31:39","slug":"distrito-de-arapua-recebe-ampliacao-do-sistema-de-abastecimento-de-agua","status":"publish","type":"post","link":"https:\/\/expressaoms.com.br\/index.php\/2022\/02\/10\/distrito-de-arapua-recebe-ampliacao-do-sistema-de-abastecimento-de-agua\/","title":{"rendered":"Distrito de Arapu\u00e1 recebe amplia\u00e7\u00e3o do sistema de abastecimento de \u00e1gua"},"content":{"rendered":"<p>Uma obra do governo do estado de Mato Grosso do Sul com o munic\u00edpio de Tr\u00eas Lagoas vai levar melhoria na qualidade de vida dos moradores do Distrito de Arapu\u00e1 que em breve v\u00e3o contar com mais um po\u00e7o, ampliando o sistema de abastecimento de \u00e1gua na regi\u00e3o.<\/p>\n<p>O munic\u00edpio realizou a doa\u00e7\u00e3o do terreno em que o po\u00e7o ser\u00e1 perfurado, o governo do estado custeou a obra e a perfura\u00e7\u00e3o do po\u00e7o, a instala\u00e7\u00e3o dos equipamentos est\u00e1 sendo realizado pela Sanesul (Empresa de Saneamento de Mato Grosso do Sul).<\/p>\n<p>O Gerente regional da Sanesul, Adilson Bahia, disse que a constru\u00e7\u00e3o deste novo po\u00e7o traz avan\u00e7os para o distrito, \u00e9 uma obra preventiva realizada pela empresa para que quando houver a necessidade de realizar reparos em um dos po\u00e7os, a cidade n\u00e3o corre mais o risco de ficar desabastecida.<\/p>\n<p>Guerreiro agradeceu ao governador Reinaldo Azambuja e ao Secret\u00e1rio Estadual de Infraestrutura, Eduardo Riedel pela parceria para levar melhoria aos moradores do distrito de Arapu\u00e1.<\/p>\n<p>Fonte: PMTL<\/p>\n","protected":false},"excerpt":{"rendered":"<p>Uma obra do governo do estado de Mato Grosso do Sul com o munic\u00edpio de Tr\u00eas Lagoas vai levar melhoria na qualidade de vida dos moradores do Distrito de Arapu\u00e1 que em breve v\u00e3o contar com mais um po\u00e7o, ampliando o sistema de abastecimento de \u00e1gua na regi\u00e3o. O munic\u00edpio realizou a doa\u00e7\u00e3o do terreno [&hellip;]<\/p>\n","protected":false},"author":2,"featured_media":4497,"comment_status":"open","ping_status":"open","sticky":false,"template":"","format":"standard","meta":{"om_disable_all_campaigns":false,"_monsterinsights_skip_tracking":false,"_monsterinsights_sitenote_active":false,"_monsterinsights_sitenote_note":"","_monsterinsights_sitenote_category":0,"footnotes":""},"categories":[36,192,48],"tags":[],"aioseo_notices":[],"_links":{"self":[{"href":"https:\/\/expressaoms.com.br\/index.php\/wp-json\/wp\/v2\/posts\/4496"}],"collection":[{"href":"https:\/\/expressaoms.com.br\/index.php\/wp-json\/wp\/v2\/posts"}],"about":[{"href":"https:\/\/expressaoms.com.br\/index.php\/wp-json\/wp\/v2\/types\/post"}],"author":[{"embeddable":true,"href":"https:\/\/expressaoms.com.br\/index.php\/wp-json\/wp\/v2\/users\/2"}],"replies":[{"embeddable":true,"href":"https:\/\/expressaoms.com.br\/index.php\/wp-json\/wp\/v2\/comments?post=4496"}],"version-history":[{"count":1,"href":"https:\/\/expressaoms.com.br\/index.php\/wp-json\/wp\/v2\/posts\/4496\/revisions"}],"predecessor-version":[{"id":4498,"href":"https:\/\/expressaoms.com.br\/index.php\/wp-json\/wp\/v2\/posts\/4496\/revisions\/4498"}],"wp:featuredmedia":[{"embeddable":true,"href":"https:\/\/expressaoms.com.br\/index.php\/wp-json\/wp\/v2\/media\/4497"}],"wp:attachment":[{"href":"https:\/\/expressaoms.com.br\/index.php\/wp-json\/wp\/v2\/media?parent=4496"}],"wp:term":[{"taxonomy":"category","embeddable":true,"href":"https:\/\/expressaoms.com.br\/index.php\/wp-json\/wp\/v2\/categories?post=4496"},{"taxonomy":"post_tag","embeddable":true,"href":"https:\/\/expressaoms.com.br\/index.php\/wp-json\/wp\/v2\/tags?post=4496"}],"curies":[{"name":"wp","href":"https:\/\/api.w.org\/{rel}","templated":true}]}}