{"id":44978,"date":"2026-03-30T09:25:57","date_gmt":"2026-03-30T13:25:57","guid":{"rendered":"https:\/\/expressaoms.com.br\/?p=44978"},"modified":"2026-03-30T10:55:19","modified_gmt":"2026-03-30T14:55:19","slug":"influenciador-de-tres-lagoas-lanca-podcast-nacional-com-grandes-nomes-e-milhoes-de-alcance","status":"publish","type":"post","link":"https:\/\/expressaoms.com.br\/index.php\/2026\/03\/30\/influenciador-de-tres-lagoas-lanca-podcast-nacional-com-grandes-nomes-e-milhoes-de-alcance\/","title":{"rendered":"Influenciador de Tr\u00eas Lagoas lan\u00e7a podcast nacional com grandes nomes e milh\u00f5es de alcance"},"content":{"rendered":"<p data-start=\"99\" data-end=\"527\">O meio digital de <span class=\"hover:entity-accent entity-underline inline cursor-pointer align-baseline\"><span class=\"whitespace-normal\">Tr\u00eas Lagoas<\/span><\/span> acaba de ganhar ainda mais destaque no cen\u00e1rio nacional com o crescimento do Podverso, projeto comandado por <span class=\"hover:entity-accent entity-underline inline cursor-pointer align-baseline\"><span class=\"whitespace-normal\">Nyx Dellano<\/span><\/span> e <span class=\"hover:entity-accent entity-underline inline cursor-pointer align-baseline\"><span class=\"whitespace-normal\">Matszito<\/span><\/span>. A dupla, que j\u00e1 vinha conquistando espa\u00e7o nas redes sociais, agora consolida sua presen\u00e7a com um podcast que re\u00fane entretenimento, diversidade e convidados de grande relev\u00e2ncia.<\/p>\n<p data-start=\"529\" data-end=\"794\">Com uma proposta moderna e din\u00e2mica, o Podverso nasce como um projeto multiplataforma, pensado para dialogar diretamente com o p\u00fablico jovem e conectado. Mais do que entrevistas, o conte\u00fado aposta em experi\u00eancias, quadros interativos e encontros que fogem do \u00f3bvio.<\/p>\n<p data-start=\"844\" data-end=\"1220\">Antes mesmo do lan\u00e7amento completo do podcast, os criadores j\u00e1 acumulam n\u00fameros impressionantes com o Verso Pop, bra\u00e7o do projeto voltado \u00e0 cultura pop e tend\u00eancias digitais. Segundo os idealizadores, o conte\u00fado j\u00e1 ultrapassou a marca de 25 milh\u00f5es de alcance, al\u00e9m de registrar mais de 2 milh\u00f5es de intera\u00e7\u00f5es, incluindo curtidas, coment\u00e1rios e compartilhamentos.<\/p>\n<p data-start=\"1222\" data-end=\"1516\">O crescimento tamb\u00e9m se reflete na base de seguidores, que j\u00e1 passa de 16 mil, consolidando uma comunidade ativa e engajada. Esses n\u00fameros demonstram n\u00e3o apenas visibilidade, mas tamb\u00e9m a capacidade de conex\u00e3o direta com o p\u00fablico \u2014 um dos principais diferenciais no ambiente digital atual.<\/p>\n<p data-start=\"1222\" data-end=\"1516\"><img fetchpriority=\"high\" decoding=\"async\" class=\"alignleft wp-image-44979 size-medium\" src=\"https:\/\/expressaoms.com.br\/wp-content\/uploads\/2026\/03\/WhatsApp-Image-2026-03-30-at-09.50.01-1-225x300.jpeg\" alt=\"\" width=\"225\" height=\"300\" srcset=\"https:\/\/expressaoms.com.br\/wp-content\/uploads\/2026\/03\/WhatsApp-Image-2026-03-30-at-09.50.01-1-225x300.jpeg 225w, https:\/\/expressaoms.com.br\/wp-content\/uploads\/2026\/03\/WhatsApp-Image-2026-03-30-at-09.50.01-1-768x1024.jpeg 768w, https:\/\/expressaoms.com.br\/wp-content\/uploads\/2026\/03\/WhatsApp-Image-2026-03-30-at-09.50.01-1-1152x1536.jpeg 1152w, https:\/\/expressaoms.com.br\/wp-content\/uploads\/2026\/03\/WhatsApp-Image-2026-03-30-at-09.50.01-1-600x800.jpeg 600w, https:\/\/expressaoms.com.br\/wp-content\/uploads\/2026\/03\/WhatsApp-Image-2026-03-30-at-09.50.01-1.jpeg 1200w\" sizes=\"(max-width: 225px) 100vw, 225px\" \/><\/p>\n<p data-start=\"1559\" data-end=\"1966\">Entre os formatos que comp\u00f5em o Podverso, um dos destaques \u00e9 o quadro \u201cDate Marcado\u201d, que re\u00fane convidados especiais para conversas descontra\u00eddas e cheias de personalidade. Participam dessa primeira temporada nomes como <span class=\"hover:entity-accent entity-underline inline cursor-pointer align-baseline\"><span class=\"whitespace-normal\">Jordann Vicente<\/span><\/span>, <span class=\"hover:entity-accent entity-underline inline cursor-pointer align-baseline\"><span class=\"whitespace-normal\">Giovanna Visnardi<\/span><\/span>, <span class=\"hover:entity-accent entity-underline inline cursor-pointer align-baseline\"><span class=\"whitespace-normal\">Kitty Kawakubo<\/span><\/span>, <span class=\"hover:entity-accent entity-underline inline cursor-pointer align-baseline\"><span class=\"whitespace-normal\">Michelle Farias<\/span><\/span> e <span class=\"hover:entity-accent entity-underline inline cursor-pointer align-baseline\"><span class=\"whitespace-normal\">Hariel Safra<\/span><\/span>.<\/p>\n<p data-start=\"1968\" data-end=\"2133\">A proposta do quadro \u00e9 criar conex\u00f5es reais, explorar hist\u00f3rias e proporcionar momentos espont\u00e2neos, aproximando o p\u00fablico dos convidados de forma leve e envolvente.<\/p>\n<p data-start=\"2135\" data-end=\"2496\">Outro formato que chama aten\u00e7\u00e3o \u00e9 o \u201cDate Surpresa\u201d, que adiciona um elemento de mist\u00e9rio ao conte\u00fado. Nesse modelo, os encontros acontecem de forma inesperada, aumentando a curiosidade e o engajamento do p\u00fablico. Um dos destaques j\u00e1 revelados \u00e9 <span class=\"hover:entity-accent entity-underline inline cursor-pointer align-baseline\"><span class=\"whitespace-normal\">Ismeiow<\/span><\/span>, que promete trazer ainda mais autenticidade e impacto visual ao projeto.<\/p>\n<p data-start=\"2135\" data-end=\"2496\">\n<blockquote>\n<p data-start=\"2135\" data-end=\"2496\">A primeira temporada do Podverso vai ao ar nas plataformas digitais no dia 6 de abril \u00e0s 18hs nos seguintes endere\u00e7os:<\/p>\n<p data-start=\"2135\" data-end=\"2496\"><strong>PodVerso<\/strong>: <a href=\"https:\/\/www.instagram.com\/podversopop\/\">INSTAGRAM<\/a> , <a href=\"https:\/\/youtube.com\/@versopoptv?si=FVzqevlsWDns2gKU\">YOUTUBE<\/a> , <a href=\"https:\/\/www.tiktok.com\/@podversopop?lang=pt-BR\">TIK TOK<\/a><\/p>\n<p data-start=\"2135\" data-end=\"2496\"><strong>Verso Pop<\/strong>: <a href=\"https:\/\/www.instagram.com\/versopop_\/\">INSTAGRAM<\/a> , <a href=\"https:\/\/youtube.com\/@versopoptv?si=FVzqevlsWDns2gKU\">YOUTUBE<\/a> , <a href=\"https:\/\/www.tiktok.com\/@versopop_?lang=pt-BR\">TIK TOK<\/a>\u00a0 ,\u00a0 <a href=\"https:\/\/www.facebook.com\/versopop\">FACEBOOK<\/a><\/p>\n<p data-start=\"2135\" data-end=\"2496\"><strong>NYX DELLANO<\/strong>: <a href=\"https:\/\/www.instagram.com\/nyxdellano\/\">INSTAGRAM<\/a> , <a href=\"https:\/\/www.youtube.com\/@NyxDelano\">YOUTUBE<\/a> , <a href=\"https:\/\/www.tiktok.com\/@nyxdellano\">TIK TOK<\/a><\/p>\n<\/blockquote>\n<h2 data-start=\"2135\" data-end=\"2496\">Verso Geek<\/h2>\n<p data-start=\"2549\" data-end=\"2838\">Mostrando vis\u00e3o estrat\u00e9gica e expans\u00e3o de conte\u00fado, os criadores anunciam agora um novo segmento: o Verso Geek. A proposta \u00e9 mergulhar ainda mais fundo no universo geek, abordando temas como filmes, s\u00e9ries, games e cultura nerd \u2014 um nicho altamente engajado e em constante crescimento.<\/p>\n<p data-start=\"2840\" data-end=\"3071\">Com isso, o Podverso deixa de ser apenas um projeto pontual e se transforma em um verdadeiro ecossistema de conte\u00fado, com diferentes vertentes capazes de atingir p\u00fablicos variados, mas mantendo a mesma identidade jovem e conectada.<\/p>\n<p data-start=\"3129\" data-end=\"3446\">Outro ponto forte do projeto \u00e9 sua presen\u00e7a em m\u00faltiplas plataformas, como <span class=\"hover:entity-accent entity-underline inline cursor-pointer align-baseline\"><span class=\"whitespace-normal\">Instagram<\/span><\/span>, <span class=\"hover:entity-accent entity-underline inline cursor-pointer align-baseline\"><span class=\"whitespace-normal\">Spotify, Facebook<\/span><\/span> e <span class=\"hover:entity-accent entity-underline inline cursor-pointer align-baseline\"><span class=\"whitespace-normal\">YouTube<\/span><\/span>. Essa estrat\u00e9gia amplia o alcance e permite que o conte\u00fado seja consumido em diferentes formatos, seja em v\u00eddeo ou \u00e1udio.<\/p>\n<p data-start=\"3448\" data-end=\"3634\">Al\u00e9m disso, o uso de chamadas estrat\u00e9gicas como \u201cQual ser\u00e1 o nosso pr\u00f3ximo encontro?!\u201d cria expectativa e mant\u00e9m o p\u00fablico constantemente engajado, acompanhando cada novidade do projeto.<\/p>\n<p data-start=\"3448\" data-end=\"3634\"><img decoding=\"async\" class=\"alignright wp-image-44980 size-medium\" src=\"https:\/\/expressaoms.com.br\/wp-content\/uploads\/2026\/03\/WhatsApp-Image-2026-03-30-at-09.50.01-225x300.jpeg\" alt=\"\" width=\"225\" height=\"300\" srcset=\"https:\/\/expressaoms.com.br\/wp-content\/uploads\/2026\/03\/WhatsApp-Image-2026-03-30-at-09.50.01-225x300.jpeg 225w, https:\/\/expressaoms.com.br\/wp-content\/uploads\/2026\/03\/WhatsApp-Image-2026-03-30-at-09.50.01-768x1024.jpeg 768w, https:\/\/expressaoms.com.br\/wp-content\/uploads\/2026\/03\/WhatsApp-Image-2026-03-30-at-09.50.01-1152x1536.jpeg 1152w, https:\/\/expressaoms.com.br\/wp-content\/uploads\/2026\/03\/WhatsApp-Image-2026-03-30-at-09.50.01-600x800.jpeg 600w, https:\/\/expressaoms.com.br\/wp-content\/uploads\/2026\/03\/WhatsApp-Image-2026-03-30-at-09.50.01.jpeg 1200w\" sizes=\"(max-width: 225px) 100vw, 225px\" \/><\/p>\n<p data-start=\"3682\" data-end=\"3934\">O Podverso tamb\u00e9m se destaca por valorizar a diversidade e dar espa\u00e7o para diferentes vozes e experi\u00eancias. A presen\u00e7a de artistas, influenciadores e performers refor\u00e7a o compromisso com a representatividade, algo cada vez mais valorizado pelo p\u00fablico.<\/p>\n<p data-start=\"3936\" data-end=\"4172\">Para <span class=\"hover:entity-accent entity-underline inline cursor-pointer align-baseline\"><span class=\"whitespace-normal\">Nyx Dellano<\/span><\/span> e <span class=\"hover:entity-accent entity-underline inline cursor-pointer align-baseline\"><span class=\"whitespace-normal\">Matszito<\/span><\/span>, o objetivo vai al\u00e9m de n\u00fameros: \u00e9 criar um espa\u00e7o onde hist\u00f3rias possam ser contadas de forma aut\u00eantica e onde o p\u00fablico se sinta parte da conversa.<\/p>\n<p data-start=\"4218\" data-end=\"4513\">Mesmo com ra\u00edzes em <span class=\"hover:entity-accent entity-underline inline cursor-pointer align-baseline\"><span class=\"whitespace-normal\">Tr\u00eas Lagoas<\/span><\/span>, o Podverso j\u00e1 demonstra potencial para alcan\u00e7ar todo o Brasil. A combina\u00e7\u00e3o de estrat\u00e9gia digital, identidade forte e conte\u00fados inovadores posiciona o projeto como uma das apostas promissoras no cen\u00e1rio dos podcasts e m\u00eddias digitais.<\/p>\n<p data-start=\"4515\" data-end=\"4763\">Com n\u00fameros expressivos, novos lan\u00e7amentos e convidados de peso, o Podverso segue expandindo seu universo \u2014 e mostrando que iniciativas locais podem, sim, ganhar proje\u00e7\u00e3o nacional quando aliadas \u00e0 criatividade, consist\u00eancia e conex\u00e3o com o p\u00fablico.<\/p>\n","protected":false},"excerpt":{"rendered":"<p>O meio digital de Tr\u00eas Lagoas acaba de ganhar ainda mais destaque no cen\u00e1rio nacional com o crescimento do Podverso, projeto comandado por Nyx Dellano e Matszito. A dupla, que j\u00e1 vinha conquistando espa\u00e7o nas redes sociais, agora consolida sua presen\u00e7a com um podcast que re\u00fane entretenimento, diversidade e convidados de grande relev\u00e2ncia. Com uma [&hellip;]<\/p>\n","protected":false},"author":5,"featured_media":44981,"comment_status":"open","ping_status":"open","sticky":false,"template":"","format":"standard","meta":{"om_disable_all_campaigns":false,"_monsterinsights_skip_tracking":false,"_monsterinsights_sitenote_active":false,"_monsterinsights_sitenote_note":"","_monsterinsights_sitenote_category":0,"footnotes":""},"categories":[30,269,266,193,48],"tags":[],"aioseo_notices":[],"_links":{"self":[{"href":"https:\/\/expressaoms.com.br\/index.php\/wp-json\/wp\/v2\/posts\/44978"}],"collection":[{"href":"https:\/\/expressaoms.com.br\/index.php\/wp-json\/wp\/v2\/posts"}],"about":[{"href":"https:\/\/expressaoms.com.br\/index.php\/wp-json\/wp\/v2\/types\/post"}],"author":[{"embeddable":true,"href":"https:\/\/expressaoms.com.br\/index.php\/wp-json\/wp\/v2\/users\/5"}],"replies":[{"embeddable":true,"href":"https:\/\/expressaoms.com.br\/index.php\/wp-json\/wp\/v2\/comments?post=44978"}],"version-history":[{"count":6,"href":"https:\/\/expressaoms.com.br\/index.php\/wp-json\/wp\/v2\/posts\/44978\/revisions"}],"predecessor-version":[{"id":44997,"href":"https:\/\/expressaoms.com.br\/index.php\/wp-json\/wp\/v2\/posts\/44978\/revisions\/44997"}],"wp:featuredmedia":[{"embeddable":true,"href":"https:\/\/expressaoms.com.br\/index.php\/wp-json\/wp\/v2\/media\/44981"}],"wp:attachment":[{"href":"https:\/\/expressaoms.com.br\/index.php\/wp-json\/wp\/v2\/media?parent=44978"}],"wp:term":[{"taxonomy":"category","embeddable":true,"href":"https:\/\/expressaoms.com.br\/index.php\/wp-json\/wp\/v2\/categories?post=44978"},{"taxonomy":"post_tag","embeddable":true,"href":"https:\/\/expressaoms.com.br\/index.php\/wp-json\/wp\/v2\/tags?post=44978"}],"curies":[{"name":"wp","href":"https:\/\/api.w.org\/{rel}","templated":true}]}}