{"id":45806,"date":"2026-04-27T07:39:45","date_gmt":"2026-04-27T11:39:45","guid":{"rendered":"https:\/\/expressaoms.com.br\/?p=45806"},"modified":"2026-04-27T07:39:45","modified_gmt":"2026-04-27T11:39:45","slug":"camara-de-tres-lagoas-mantem-veto-do-executivo-a-projeto-que-reajustava-premiacao-de-campeonatos-de-futebol","status":"publish","type":"post","link":"https:\/\/expressaoms.com.br\/index.php\/2026\/04\/27\/camara-de-tres-lagoas-mantem-veto-do-executivo-a-projeto-que-reajustava-premiacao-de-campeonatos-de-futebol\/","title":{"rendered":"C\u00e2mara de Tr\u00eas Lagoas mant\u00e9m veto do Executivo a projeto que reajustava premia\u00e7\u00e3o de campeonatos de futebol"},"content":{"rendered":"<p class=\"ds-markdown-paragraph\">A C\u00e2mara Municipal de Tr\u00eas Lagoas decidiu manter o veto integral do Poder Executivo ao projeto que pretendia readequar os valores das premia\u00e7\u00f5es dos campeonatos municipais de futebol. A decis\u00e3o est\u00e1 formalizada na\u00a0Resolu\u00e7\u00e3o n\u00ba 007, de 22 de abril de 2026, publicada no Di\u00e1rio Oficial da Assomasul (edi\u00e7\u00e3o n\u00ba 4080) nesta segunda-feira, 27.<\/p>\n<p class=\"ds-markdown-paragraph\">O veto, enviado pelo Executivo por meio do Of\u00edcio 048\/GAB\/2026, incidiu sobre o aut\u00f3grafo da\u00a0Lei n\u00ba 4.427, de 24 de mar\u00e7o de 2026, que alterava o anexo \u00fanico da Lei n\u00ba 3.836, de 6 de dezembro de 2021. O objetivo da proposta original era reajustar os pr\u00eamios distribu\u00eddos aos times campe\u00f5es e vice-campe\u00f5es das competi\u00e7\u00f5es municipais de futebol.<\/p>\n<p class=\"ds-markdown-paragraph\">O prefeito utilizou como fundamento o\u00a0inciso II, al\u00ednea \u201cc\u201d do art. 16 do Regimento Interno\u00a0da C\u00e2mara. A alega\u00e7\u00e3o foi de\u00a0v\u00edcio de iniciativa, ou seja, a mat\u00e9ria seria de compet\u00eancia privativa do chefe do Executivo \u2014 especialmente por tratar de organiza\u00e7\u00e3o administrativa e impacto no or\u00e7amento municipal, ainda que indiretamente.<\/p>\n<p class=\"ds-markdown-paragraph\">A Procuradoria Jur\u00eddica do Legislativo tamb\u00e9m apontou aus\u00eancia de estimativa de impacto financeiro e or\u00e7ament\u00e1rio, requisito previsto na Lei de Responsabilidade Fiscal para propostas que gerem aumento de despesa.<\/p>\n<p class=\"ds-markdown-paragraph\">A Comiss\u00e3o de Constitui\u00e7\u00e3o, Justi\u00e7a e Reda\u00e7\u00e3o Final (CCJ) da C\u00e2mara analisou o veto e emitiu parecer\u00a0favor\u00e1vel \u00e0 manuten\u00e7\u00e3o. O relator destacou que, embora merit\u00f3ria a inten\u00e7\u00e3o de valorizar o esporte amador, a proposta invadiu seara reservada ao prefeito, al\u00e9m de n\u00e3o apresentar a fonte de custeio para os novos valores.<\/p>\n<p class=\"ds-markdown-paragraph\">Em vota\u00e7\u00e3o simb\u00f3lica no plen\u00e1rio, os vereadores acataram o parecer e mantiveram o veto integral do Executivo.<\/p>\n<p class=\"ds-markdown-paragraph\">Caso fosse sancionada, a Lei n\u00ba 4.427\/2026 alteraria os valores previstos no anexo \u00fanico da Lei n\u00ba 3.836\/2021, que instituiu o programa municipal de incentivo ao futebol amador. Os novos valores chegaram a ser discutidos em audi\u00eancias p\u00fablicas, mas n\u00e3o houve consenso sobre o montante adicional a ser destinado pela prefeitura.<\/p>\n<p class=\"ds-markdown-paragraph\">Conforme o artigo 2\u00ba da Resolu\u00e7\u00e3o n\u00ba 007\/2026, a norma entra em vigor na data de sua aprova\u00e7\u00e3o (22 de abril de 2026), revogadas as disposi\u00e7\u00f5es em contr\u00e1rio. Com isso, os valores das premia\u00e7\u00f5es continuam regidos pela lei original de 2021, at\u00e9 que um novo projeto \u2014 elaborado em conformidade com as regras or\u00e7ament\u00e1rias \u2014 seja apresentado, preferencialmente por iniciativa do pr\u00f3prio Executivo.<\/p>\n","protected":false},"excerpt":{"rendered":"<p>A C\u00e2mara Municipal de Tr\u00eas Lagoas decidiu manter o veto integral do Poder Executivo ao projeto que pretendia readequar os valores das premia\u00e7\u00f5es dos campeonatos municipais de futebol. A decis\u00e3o est\u00e1 formalizada na\u00a0Resolu\u00e7\u00e3o n\u00ba 007, de 22 de abril de 2026, publicada no Di\u00e1rio Oficial da Assomasul (edi\u00e7\u00e3o n\u00ba 4080) nesta segunda-feira, 27. O veto, [&hellip;]<\/p>\n","protected":false},"author":5,"featured_media":45807,"comment_status":"open","ping_status":"open","sticky":false,"template":"","format":"standard","meta":{"om_disable_all_campaigns":false,"_monsterinsights_skip_tracking":false,"_monsterinsights_sitenote_active":false,"_monsterinsights_sitenote_note":"","_monsterinsights_sitenote_category":0,"footnotes":""},"categories":[30,34,266,193,48],"tags":[],"aioseo_notices":[],"_links":{"self":[{"href":"https:\/\/expressaoms.com.br\/index.php\/wp-json\/wp\/v2\/posts\/45806"}],"collection":[{"href":"https:\/\/expressaoms.com.br\/index.php\/wp-json\/wp\/v2\/posts"}],"about":[{"href":"https:\/\/expressaoms.com.br\/index.php\/wp-json\/wp\/v2\/types\/post"}],"author":[{"embeddable":true,"href":"https:\/\/expressaoms.com.br\/index.php\/wp-json\/wp\/v2\/users\/5"}],"replies":[{"embeddable":true,"href":"https:\/\/expressaoms.com.br\/index.php\/wp-json\/wp\/v2\/comments?post=45806"}],"version-history":[{"count":1,"href":"https:\/\/expressaoms.com.br\/index.php\/wp-json\/wp\/v2\/posts\/45806\/revisions"}],"predecessor-version":[{"id":45808,"href":"https:\/\/expressaoms.com.br\/index.php\/wp-json\/wp\/v2\/posts\/45806\/revisions\/45808"}],"wp:featuredmedia":[{"embeddable":true,"href":"https:\/\/expressaoms.com.br\/index.php\/wp-json\/wp\/v2\/media\/45807"}],"wp:attachment":[{"href":"https:\/\/expressaoms.com.br\/index.php\/wp-json\/wp\/v2\/media?parent=45806"}],"wp:term":[{"taxonomy":"category","embeddable":true,"href":"https:\/\/expressaoms.com.br\/index.php\/wp-json\/wp\/v2\/categories?post=45806"},{"taxonomy":"post_tag","embeddable":true,"href":"https:\/\/expressaoms.com.br\/index.php\/wp-json\/wp\/v2\/tags?post=45806"}],"curies":[{"name":"wp","href":"https:\/\/api.w.org\/{rel}","templated":true}]}}