{"id":45812,"date":"2026-04-27T08:04:29","date_gmt":"2026-04-27T12:04:29","guid":{"rendered":"https:\/\/expressaoms.com.br\/?p=45812"},"modified":"2026-04-27T08:04:29","modified_gmt":"2026-04-27T12:04:29","slug":"governo-autoriza-nomeacao-de-1-000-candidatos-alem-das-vagas-do-concurso-da-policia-federal","status":"publish","type":"post","link":"https:\/\/expressaoms.com.br\/index.php\/2026\/04\/27\/governo-autoriza-nomeacao-de-1-000-candidatos-alem-das-vagas-do-concurso-da-policia-federal\/","title":{"rendered":"Governo autoriza nomea\u00e7\u00e3o de 1.000 candidatos al\u00e9m das vagas do concurso da Pol\u00edcia Federal"},"content":{"rendered":"<p class=\"ds-markdown-paragraph\">O presidente da Rep\u00fablica, Luiz In\u00e1cio Lula da Silva, autorizou na \u00faltima quarta-feira (22) a nomea\u00e7\u00e3o de 1.000 candidatos aprovados al\u00e9m das vagas previstas no edital\u00a0do concurso para carreiras policiais da Pol\u00edcia Federal, realizado em 2025. A medida foi formalizada pelo\u00a0Decreto n\u00ba 12.943, publicado em edi\u00e7\u00e3o extra do Di\u00e1rio Oficial da Uni\u00e3o.<\/p>\n<p class=\"ds-markdown-paragraph\">A iniciativa amplia significativamente o quantitativo originalmente estabelecido e refor\u00e7a o processo de recomposi\u00e7\u00e3o do efetivo da institui\u00e7\u00e3o, que vinha enfrentando d\u00e9ficit de pessoal nos \u00faltimos anos.<\/p>\n<h3>Vagas para todas as carreiras<\/h3>\n<p class=\"ds-markdown-paragraph\">O documento contempla os seguintes cargos:<\/p>\n<ul>\n<li>\n<p class=\"ds-markdown-paragraph\">Delegados<\/p>\n<\/li>\n<li>\n<p class=\"ds-markdown-paragraph\">Peritos<\/p>\n<\/li>\n<li>\n<p class=\"ds-markdown-paragraph\">Agentes<\/p>\n<\/li>\n<li>\n<p class=\"ds-markdown-paragraph\">Escriv\u00e3es<\/p>\n<\/li>\n<li>\n<p class=\"ds-markdown-paragraph\">Papiloscopistas<\/p>\n<\/li>\n<\/ul>\n<p class=\"ds-markdown-paragraph\">Na pr\u00e1tica, a medida\u00a0duplica o quantitativo de vagas originalmente previsto no edital. Com isso, a Pol\u00edcia Federal poder\u00e1 receber um refor\u00e7o de\u00a0at\u00e9 2 mil novos policiais, contribuindo para o fortalecimento institucional e para a amplia\u00e7\u00e3o da capacidade de resposta \u00e0s demandas da sociedade.<\/p>\n<p class=\"ds-markdown-paragraph\">Atualmente, parte dos aprovados no certame de 2025 j\u00e1 se encontra em forma\u00e7\u00e3o na\u00a0Academia Nacional de Pol\u00edcia (ANP). S\u00e3o mais de\u00a0600 candidatos em curso de forma\u00e7\u00e3o para o cargo de agente\u00a0da Pol\u00edcia Federal, o que representa um avan\u00e7o concreto no processo de recomposi\u00e7\u00e3o do efetivo.<\/p>\n<p class=\"ds-markdown-paragraph\">Com a autoriza\u00e7\u00e3o prevista no decreto e considerando os candidatos ainda n\u00e3o convocados dentro das vagas iniciais do edital, a Pol\u00edcia Federal poder\u00e1 chamar\u00a0at\u00e9 1.370 novos servidores ainda este ano.<\/p>\n<p class=\"ds-markdown-paragraph\">A distribui\u00e7\u00e3o das vagas por carreira prevista no decreto ser\u00e1 detalhada em quadro oficial, conforme mencionado no texto da medida.<\/p>\n<p class=\"ds-markdown-paragraph\">Al\u00e9m das vagas formalmente liberadas pelo decreto atual, o\u00a0Governo Federal assumiu o compromisso, junto \u00e0 dire\u00e7\u00e3o da Pol\u00edcia Federal, de autorizar o preenchimento de\u00a0todos os cargos que estiverem vagos da carreira policial no segundo semestre de 2026.<\/p>\n<p class=\"ds-markdown-paragraph\">Esse contingente adicional dever\u00e1 compor a\u00a0quarta turma da Academia Nacional de Pol\u00edcia, prevista para o in\u00edcio de 2027.<\/p>\n<p class=\"ds-markdown-paragraph\">A meta final \u00e9 hist\u00f3rica:\u00a0pela primeira vez, a Pol\u00edcia Federal ter\u00e1 todos os seus cargos policiais efetivamente preenchidos, o que representar\u00e1 um marco no fortalecimento da seguran\u00e7a p\u00fablica e da capacidade investigativa do pa\u00eds.<\/p>\n<p class=\"ds-markdown-paragraph\">A medida foi amplamente comemorada por entidades de classe da PF, que h\u00e1 anos denunciam o d\u00e9ficit de pessoal e a sobrecarga de trabalho. A expectativa \u00e9 que o refor\u00e7o no efetivo agilize investiga\u00e7\u00f5es, amplie a presen\u00e7a da PF em regi\u00f5es estrat\u00e9gicas e fortalece o combate ao crime organizado e \u00e0 corrup\u00e7\u00e3o.<\/p>\n<p class=\"ds-markdown-paragraph\">O Minist\u00e9rio da Justi\u00e7a e Seguran\u00e7a P\u00fablica ainda n\u00e3o divulgou um cronograma detalhado das pr\u00f3ximas convoca\u00e7\u00f5es, mas confirmou que os tr\u00e2mites administrativos j\u00e1 est\u00e3o em andamento para viabilizar as nomea\u00e7\u00f5es ainda em 2026.<\/p>\n","protected":false},"excerpt":{"rendered":"<p>O presidente da Rep\u00fablica, Luiz In\u00e1cio Lula da Silva, autorizou na \u00faltima quarta-feira (22) a nomea\u00e7\u00e3o de 1.000 candidatos aprovados al\u00e9m das vagas previstas no edital\u00a0do concurso para carreiras policiais da Pol\u00edcia Federal, realizado em 2025. A medida foi formalizada pelo\u00a0Decreto n\u00ba 12.943, publicado em edi\u00e7\u00e3o extra do Di\u00e1rio Oficial da Uni\u00e3o. A iniciativa amplia [&hellip;]<\/p>\n","protected":false},"author":5,"featured_media":45813,"comment_status":"open","ping_status":"open","sticky":false,"template":"","format":"standard","meta":{"om_disable_all_campaigns":false,"_monsterinsights_skip_tracking":false,"_monsterinsights_sitenote_active":false,"_monsterinsights_sitenote_note":"","_monsterinsights_sitenote_category":0,"footnotes":""},"categories":[246,30,266,41,193],"tags":[],"aioseo_notices":[],"_links":{"self":[{"href":"https:\/\/expressaoms.com.br\/index.php\/wp-json\/wp\/v2\/posts\/45812"}],"collection":[{"href":"https:\/\/expressaoms.com.br\/index.php\/wp-json\/wp\/v2\/posts"}],"about":[{"href":"https:\/\/expressaoms.com.br\/index.php\/wp-json\/wp\/v2\/types\/post"}],"author":[{"embeddable":true,"href":"https:\/\/expressaoms.com.br\/index.php\/wp-json\/wp\/v2\/users\/5"}],"replies":[{"embeddable":true,"href":"https:\/\/expressaoms.com.br\/index.php\/wp-json\/wp\/v2\/comments?post=45812"}],"version-history":[{"count":1,"href":"https:\/\/expressaoms.com.br\/index.php\/wp-json\/wp\/v2\/posts\/45812\/revisions"}],"predecessor-version":[{"id":45814,"href":"https:\/\/expressaoms.com.br\/index.php\/wp-json\/wp\/v2\/posts\/45812\/revisions\/45814"}],"wp:featuredmedia":[{"embeddable":true,"href":"https:\/\/expressaoms.com.br\/index.php\/wp-json\/wp\/v2\/media\/45813"}],"wp:attachment":[{"href":"https:\/\/expressaoms.com.br\/index.php\/wp-json\/wp\/v2\/media?parent=45812"}],"wp:term":[{"taxonomy":"category","embeddable":true,"href":"https:\/\/expressaoms.com.br\/index.php\/wp-json\/wp\/v2\/categories?post=45812"},{"taxonomy":"post_tag","embeddable":true,"href":"https:\/\/expressaoms.com.br\/index.php\/wp-json\/wp\/v2\/tags?post=45812"}],"curies":[{"name":"wp","href":"https:\/\/api.w.org\/{rel}","templated":true}]}}