{"id":45818,"date":"2026-04-27T08:25:57","date_gmt":"2026-04-27T12:25:57","guid":{"rendered":"https:\/\/expressaoms.com.br\/?p=45818"},"modified":"2026-04-27T08:25:57","modified_gmt":"2026-04-27T12:25:57","slug":"pre-campanha-ao-senado-em-ms-e-marcada-por-guerra-narrativa-em-torno-de-valores-religiosos","status":"publish","type":"post","link":"https:\/\/expressaoms.com.br\/index.php\/2026\/04\/27\/pre-campanha-ao-senado-em-ms-e-marcada-por-guerra-narrativa-em-torno-de-valores-religiosos\/","title":{"rendered":"Pr\u00e9-campanha ao Senado em MS \u00e9 marcada por guerra narrativa em torno de valores religiosos"},"content":{"rendered":"<p>Em plena pr\u00e9-campanha eleitoral pelas duas vagas no Senado pertencentes a Mato Grosso do Sul, a repercuss\u00e3o de declara\u00e7\u00f5es do frei Gilson, integrante do Instituto dos Freis Carmelitas Mensageiros do Esp\u00edrito Santo e com quase 13 milh\u00f5es de seguidores nas redes sociais, provocou um embate p\u00fablico entre lideran\u00e7as pol\u00edticas do Estado, envolvendo diretamente os senadores Soraya Thronicke (PSB) e Nelsinho Trad (PSD).<\/p>\n<p>O embate pode ser compreendido \u00e0 luz do perfil religioso da popula\u00e7\u00e3o brasileira, pois, conforme dados do Instituto Brasileiro de Geografia e Estat\u00edstica (IBGE), com base no Censo 2022, o Pa\u00eds tem forte predomin\u00e2ncia crist\u00e3, pois 56,7% da popula\u00e7\u00e3o com 10 anos ou mais se declara cat\u00f3lica, enquanto 26,9% se identifica como evang\u00e9lica. Somados, esses dois grupos representam cerca de 83,6% dos brasileiros. Esse cen\u00e1rio ajuda a explicar por que temas envolvendo religi\u00e3o, especialmente quando associados a pautas sociais, como o papel da mulher, tendem a gerar forte repercuss\u00e3o pol\u00edtica, ainda mais em um ano eleitoral em que as declara\u00e7\u00f5es de lideran\u00e7as religiosas com grande alcance, como frei Gilson, dialogam diretamente com uma parcela significativa do eleitorado, o que amplia seu impacto no debate p\u00fablico.<\/p>\n<p>Nesse contexto, o embate entre Soraya Thronicke e Nelsinho Trad reflete n\u00e3o apenas diverg\u00eancias individuais, mas tamb\u00e9m diferentes formas de interpretar e se posicionar diante de valores que mobilizam a maioria da popula\u00e7\u00e3o. Enquanto a senadora adotou um tom cr\u00edtico \u00e0s falas do religioso, o senador saiu em sua defesa, evidenciando como quest\u00f5es de f\u00e9 e costumes seguem influenciando o discurso pol\u00edtico e as disputas de narrativa no Pa\u00eds. Assim, mais do que um epis\u00f3dio isolado, a controv\u00e9rsia exp\u00f5e o peso do fator religioso no cen\u00e1rio pol\u00edtico brasileiro, onde posicionamentos sobre temas morais e culturais frequentemente se conectam com a identidade e as convic\u00e7\u00f5es de grande parte da sociedade.<\/p>\n<p>O caso ganhou destaque ap\u00f3s a divulga\u00e7\u00e3o de um v\u00eddeo em que o religioso aborda temas como lideran\u00e7a masculina e empoderamento feminino com base em passagens b\u00edblicas, especialmente do livro do G\u00eanesis. Frei Gilson afirma que \u201cDeus deu ao homem a lideran\u00e7a\u201d e que o homem seria \u201co chefe do lar\u201d, enquanto associa o empoderamento feminino a uma \u201cideologia dos tempos atuais\u201d. A fala gerou forte rea\u00e7\u00e3o de Soraya Thronicke, que utilizou a rede social X para criticar duramente o religioso. Em sua publica\u00e7\u00e3o, ela classificou frei Gilson como \u201cfalso profeta\u201d e o acusou de misoginia. Tamb\u00e9m questionou o uso de passagens b\u00edblicas por lideran\u00e7as religiosas e pol\u00edticas, afirmando que muitos estariam \u201cusando o nome de Deus em v\u00e3o\u201d. Em outro coment\u00e1rio, a parlamentar destacou sua forma\u00e7\u00e3o cat\u00f3lica e cobrou posicionamento da Igreja: \u201cNasci em ber\u00e7o cat\u00f3lico e posso dizer que esse frei n\u00e3o me representa. Ele j\u00e1 passou de todos os limites poss\u00edveis de intoler\u00e2ncia religiosa, misoginia, etc. Espero que nossa Igreja Cat\u00f3lica tome severas provid\u00eancias\u201d, escreveu.<\/p>\n<p>Em contraponto, o senador Nelsinho Trad saiu em defesa do trabalho de evangeliza\u00e7\u00e3o realizado por frei Gilson e, em v\u00eddeo postado em sua rede social, o parlamentar sul-mato-grossense afirmou que o religioso tem sido alvo de cr\u00edticas indevidas e negou que suas falas possam ser classificadas como mis\u00f3ginas. Ele afirmou que o frei tem prestado um \u201ctrabalho de evangeliza\u00e7\u00e3o precioso no Pa\u00eds\u201d e que suas falas foram retiradas de contexto. Ao mencionar passagens b\u00edblicas, o religioso agiu \u201cnum ato de pureza, digno de quem segue o conte\u00fado da Escritura Sagrada\u201d.<\/p>\n<p>Para o senador, ainda que determinados trechos possam soar inadequados sob a \u00f3tica contempor\u00e2nea, n\u00e3o configuram ataques \u00e0s mulheres. Ele argumentou que a pr\u00f3pria B\u00edblia valoriza a figura feminina: \u201cAo inv\u00e9s de diminuir, enaltece o papel e o valor da mulher dentro do conceito da \u00e9poca, da vida social e familiar que ela exercia e hoje ainda exerce\u201d, afirmou. Nelsinho Trad tamb\u00e9m destacou que, dentro da tradi\u00e7\u00e3o crist\u00e3, a mulher \u00e9 frequentemente apresentada como \u201cauxiliadora id\u00f4nea\u201d, exercendo papel essencial na estrutura familiar. Nesse contexto, defendeu que interpreta\u00e7\u00f5es isoladas n\u00e3o devem ser utilizadas para rotular l\u00edderes religiosos. Ao abordar diretamente as acusa\u00e7\u00f5es, o parlamentar disse ter buscado o significado do termo misoginia para embasar sua an\u00e1lise.<\/p>\n<p>De acordo com ele, a palavra est\u00e1 associada a sentimentos como \u00f3dio, desprezo, avers\u00e3o ou preconceito contra mulheres, caracter\u00edsticas que, em sua avalia\u00e7\u00e3o, n\u00e3o se aplicam ao caso de frei Gilson: \u201cO mis\u00f3gino \u00e9 aquele que tem \u00f3dio, desprezo ou avers\u00e3o. N\u00e3o \u00e9 o caso\u201d, pontuou. M\u00e9dico de forma\u00e7\u00e3o, o parlamentar ampliou sua defesa ao relacionar f\u00e9 e sa\u00fade. Ele afirmou que pacientes que mant\u00eam pr\u00e1ticas religiosas tendem a apresentar melhor recupera\u00e7\u00e3o cl\u00ednica. Para refor\u00e7ar o argumento, mencionou estudos na \u00e1rea da neurologia que indicariam altera\u00e7\u00f5es positivas no c\u00e9rebro de pessoas que oram com frequ\u00eancia. De acordo com o senador, exames de imagem, como a resson\u00e2ncia magn\u00e9tica, demonstram aumento da atividade no lobo pr\u00e9-frontal, regi\u00e3o ligada ao discernimento e \u00e0 tomada de decis\u00f5es, durante pr\u00e1ticas de ora\u00e7\u00e3o. \u201cO lobo frontal, respons\u00e1vel pelo poder da decis\u00e3o, fica com mais sangue e mais desenvolvido nas pessoas que t\u00eam f\u00e9\u201d, explicou.<\/p>\n<p>Ainda de acordo com Trad, esse tipo de evid\u00eancia refor\u00e7a a import\u00e2ncia da espiritualidade na vida das pessoas e ajuda a compreender o impacto do trabalho de l\u00edderes religiosos como frei Gilson, que, segundo ele, disseminam valores positivos sem interesses pessoais. Ao fim, o senador manifestou solidariedade ao frei e criticou o que considera uma acusa\u00e7\u00e3o indevida: \u201cN\u00e3o cabe, de maneira nenhuma, uma acusa\u00e7\u00e3o como essa\u201d, declarou. Ele tamb\u00e9m ressaltou que a atua\u00e7\u00e3o do religioso incentiva a pr\u00e1tica da f\u00e9 entre brasileiros, inclusive motivando fi\u00e9is a momentos de ora\u00e7\u00e3o em hor\u00e1rios incomuns, como a madrugada. \u201cEsse \u00e9 o caminho\u201d, concluiu.<\/p>\n<p>O deputado federal Rodolfo Nogueira (PL), que j\u00e1 ocupou a primeira-supl\u00eancia de Soraya Thronicke no Senado, tamb\u00e9m se manifestou contra as cr\u00edticas feitas pela parlamentar a frei Gilson. Ele classificou as declara\u00e7\u00f5es da senadora como \u201cpersegui\u00e7\u00e3o\u201d e saiu em defesa do religioso, afirmando que ele apenas \u201cprega valores crist\u00e3os\u201d. \u201cA Soraya resolveu atacar o frei Gilson e cham\u00e1-lo de mis\u00f3gino por ele pregar o Evangelho. \u00c9 aquele neg\u00f3cio: quando a lacra\u00e7\u00e3o ultrapassa os limites\u201d, disse. O parlamentar sul-mato-grossense ainda criticou a tentativa de rotular o frei: \u201cQuerer rotular um religioso que prega valores crist\u00e3os como intolerante ou mis\u00f3gino \u00e9, no m\u00ednimo, desonestidade intelectual. O que est\u00e1 acontecendo n\u00e3o \u00e9 defesa de direitos \u2013 \u00e9 persegui\u00e7\u00e3o disfar\u00e7ada de discurso bonito\u201d, declarou.<\/p>\n<p>&nbsp;<\/p>\n<p><em>(*) com informa\u00e7\u00f5es de Correio do Estado\u00a0<\/em><\/p>\n","protected":false},"excerpt":{"rendered":"<p>Em plena pr\u00e9-campanha eleitoral pelas duas vagas no Senado pertencentes a Mato Grosso do Sul, a repercuss\u00e3o de declara\u00e7\u00f5es do frei Gilson, integrante do Instituto dos Freis Carmelitas Mensageiros do Esp\u00edrito Santo e com quase 13 milh\u00f5es de seguidores nas redes sociais, provocou um embate p\u00fablico entre lideran\u00e7as pol\u00edticas do Estado, envolvendo diretamente os senadores [&hellip;]<\/p>\n","protected":false},"author":5,"featured_media":45819,"comment_status":"open","ping_status":"open","sticky":false,"template":"","format":"standard","meta":{"om_disable_all_campaigns":false,"_monsterinsights_skip_tracking":false,"_monsterinsights_sitenote_active":false,"_monsterinsights_sitenote_note":"","_monsterinsights_sitenote_category":0,"footnotes":""},"categories":[27,30,266,42,193],"tags":[],"aioseo_notices":[],"_links":{"self":[{"href":"https:\/\/expressaoms.com.br\/index.php\/wp-json\/wp\/v2\/posts\/45818"}],"collection":[{"href":"https:\/\/expressaoms.com.br\/index.php\/wp-json\/wp\/v2\/posts"}],"about":[{"href":"https:\/\/expressaoms.com.br\/index.php\/wp-json\/wp\/v2\/types\/post"}],"author":[{"embeddable":true,"href":"https:\/\/expressaoms.com.br\/index.php\/wp-json\/wp\/v2\/users\/5"}],"replies":[{"embeddable":true,"href":"https:\/\/expressaoms.com.br\/index.php\/wp-json\/wp\/v2\/comments?post=45818"}],"version-history":[{"count":1,"href":"https:\/\/expressaoms.com.br\/index.php\/wp-json\/wp\/v2\/posts\/45818\/revisions"}],"predecessor-version":[{"id":45820,"href":"https:\/\/expressaoms.com.br\/index.php\/wp-json\/wp\/v2\/posts\/45818\/revisions\/45820"}],"wp:featuredmedia":[{"embeddable":true,"href":"https:\/\/expressaoms.com.br\/index.php\/wp-json\/wp\/v2\/media\/45819"}],"wp:attachment":[{"href":"https:\/\/expressaoms.com.br\/index.php\/wp-json\/wp\/v2\/media?parent=45818"}],"wp:term":[{"taxonomy":"category","embeddable":true,"href":"https:\/\/expressaoms.com.br\/index.php\/wp-json\/wp\/v2\/categories?post=45818"},{"taxonomy":"post_tag","embeddable":true,"href":"https:\/\/expressaoms.com.br\/index.php\/wp-json\/wp\/v2\/tags?post=45818"}],"curies":[{"name":"wp","href":"https:\/\/api.w.org\/{rel}","templated":true}]}}