{"id":45829,"date":"2026-04-27T11:03:19","date_gmt":"2026-04-27T15:03:19","guid":{"rendered":"https:\/\/expressaoms.com.br\/?p=45829"},"modified":"2026-04-27T10:06:09","modified_gmt":"2026-04-27T14:06:09","slug":"camara-de-tres-lagoas-realiza-seminario-sobre-autismo-com-participacao-de-secretarias-municipais","status":"publish","type":"post","link":"https:\/\/expressaoms.com.br\/index.php\/2026\/04\/27\/camara-de-tres-lagoas-realiza-seminario-sobre-autismo-com-participacao-de-secretarias-municipais\/","title":{"rendered":"C\u00e2mara de Tr\u00eas Lagoas realiza semin\u00e1rio sobre autismo com participa\u00e7\u00e3o de secretarias municipais"},"content":{"rendered":"<p class=\"ds-markdown-paragraph\">A C\u00e2mara de Vereadores de Tr\u00eas Lagoas promove nesta ter\u00e7a-feira (28) o Semin\u00e1rio sobre Autismo, voltado \u00e0 discuss\u00e3o das pol\u00edticas p\u00fablicas municipais direcionadas \u00e0s pessoas com Transtorno do Espectro Autista (TEA). O evento est\u00e1 marcado para as 18h45, no Plen\u00e1rio Ranulpho Marques Leal, localizado na Rua Sunao Miura, n\u00ba 71, no Bairro Santos Dumont.<\/p>\n<p class=\"ds-markdown-paragraph\">A iniciativa \u00e9 do presidente da Casa de Leis, vereador Tonh\u00e3o, e reunir\u00e1 representantes das Secretarias Municipais de Educa\u00e7\u00e3o, Sa\u00fade e Assist\u00eancia Social. Durante o semin\u00e1rio, ser\u00e3o apresentadas as a\u00e7\u00f5es desenvolvidas, os investimentos realizados, as metas estabelecidas e os desafios ainda existentes na aten\u00e7\u00e3o \u00e0 popula\u00e7\u00e3o autista.<\/p>\n<p class=\"ds-markdown-paragraph\">O evento conta ainda com o apoio da Associa\u00e7\u00e3o de Pais e Amigos do Autista. De acordo com a organiza\u00e7\u00e3o, a presen\u00e7a da comunidade \u00e9 fundamental para o fortalecimento do debate e para a constru\u00e7\u00e3o de uma rede de apoio mais eficiente e inclusiva.<\/p>\n<p class=\"ds-markdown-paragraph\">A entrada \u00e9 aberta ao p\u00fablico.<\/p>\n","protected":false},"excerpt":{"rendered":"<p>A C\u00e2mara de Vereadores de Tr\u00eas Lagoas promove nesta ter\u00e7a-feira (28) o Semin\u00e1rio sobre Autismo, voltado \u00e0 discuss\u00e3o das pol\u00edticas p\u00fablicas municipais direcionadas \u00e0s pessoas com Transtorno do Espectro Autista (TEA). O evento est\u00e1 marcado para as 18h45, no Plen\u00e1rio Ranulpho Marques Leal, localizado na Rua Sunao Miura, n\u00ba 71, no Bairro Santos Dumont. A [&hellip;]<\/p>\n","protected":false},"author":5,"featured_media":45830,"comment_status":"open","ping_status":"open","sticky":false,"template":"","format":"standard","meta":{"om_disable_all_campaigns":false,"_monsterinsights_skip_tracking":false,"_monsterinsights_sitenote_active":false,"_monsterinsights_sitenote_note":"","_monsterinsights_sitenote_category":0,"footnotes":""},"categories":[30,266,42,193,48],"tags":[],"aioseo_notices":[],"_links":{"self":[{"href":"https:\/\/expressaoms.com.br\/index.php\/wp-json\/wp\/v2\/posts\/45829"}],"collection":[{"href":"https:\/\/expressaoms.com.br\/index.php\/wp-json\/wp\/v2\/posts"}],"about":[{"href":"https:\/\/expressaoms.com.br\/index.php\/wp-json\/wp\/v2\/types\/post"}],"author":[{"embeddable":true,"href":"https:\/\/expressaoms.com.br\/index.php\/wp-json\/wp\/v2\/users\/5"}],"replies":[{"embeddable":true,"href":"https:\/\/expressaoms.com.br\/index.php\/wp-json\/wp\/v2\/comments?post=45829"}],"version-history":[{"count":1,"href":"https:\/\/expressaoms.com.br\/index.php\/wp-json\/wp\/v2\/posts\/45829\/revisions"}],"predecessor-version":[{"id":45831,"href":"https:\/\/expressaoms.com.br\/index.php\/wp-json\/wp\/v2\/posts\/45829\/revisions\/45831"}],"wp:featuredmedia":[{"embeddable":true,"href":"https:\/\/expressaoms.com.br\/index.php\/wp-json\/wp\/v2\/media\/45830"}],"wp:attachment":[{"href":"https:\/\/expressaoms.com.br\/index.php\/wp-json\/wp\/v2\/media?parent=45829"}],"wp:term":[{"taxonomy":"category","embeddable":true,"href":"https:\/\/expressaoms.com.br\/index.php\/wp-json\/wp\/v2\/categories?post=45829"},{"taxonomy":"post_tag","embeddable":true,"href":"https:\/\/expressaoms.com.br\/index.php\/wp-json\/wp\/v2\/tags?post=45829"}],"curies":[{"name":"wp","href":"https:\/\/api.w.org\/{rel}","templated":true}]}}