{"id":45832,"date":"2026-04-27T13:08:32","date_gmt":"2026-04-27T17:08:32","guid":{"rendered":"https:\/\/expressaoms.com.br\/?p=45832"},"modified":"2026-04-27T10:09:25","modified_gmt":"2026-04-27T14:09:25","slug":"prazo-ampliado-tres-lagoas-tem-mais-um-ano-para-aderir-ao-programa-de-incentivo-a-regularizacao-de-edificacoes","status":"publish","type":"post","link":"https:\/\/expressaoms.com.br\/index.php\/2026\/04\/27\/prazo-ampliado-tres-lagoas-tem-mais-um-ano-para-aderir-ao-programa-de-incentivo-a-regularizacao-de-edificacoes\/","title":{"rendered":"PRAZO AMPLIADO \u2013 Tr\u00eas Lagoas tem mais um ano para aderir ao Programa de Incentivo \u00e0 Regulariza\u00e7\u00e3o de Edifica\u00e7\u00f5es"},"content":{"rendered":"<p>A Tr\u00eas Lagoas ter\u00e1 mais tempo para regularizar im\u00f3veis constru\u00eddos em desacordo com a legisla\u00e7\u00e3o. O prefeito Cassiano Maia sancionou a lei que prorroga o prazo do Programa de Incentivo \u00e0 Regulariza\u00e7\u00e3o de Edifica\u00e7\u00f5es at\u00e9 o dia 6 de maio de 2027.<\/p>\n<p>A medida foi encaminhada pelo Poder Executivo e aprovada pela C\u00e2mara Municipal, alterando dispositivo da Lei n\u00ba 4.286, de 6 de maio de 2025, que instituiu o programa no munic\u00edpio. Com a nova reda\u00e7\u00e3o, o prazo, que inicialmente seria de 12 meses, foi estendido para garantir que mais moradores possam regularizar seus im\u00f3veis.<\/p>\n<p>Criado para atender uma demanda hist\u00f3rica, o programa busca solucionar a situa\u00e7\u00e3o de edifica\u00e7\u00f5es, que se enquadrem nas regras do programa, que foram constru\u00eddas em desacordo com as normas do C\u00f3digo de Obras, Plano Diretor e C\u00f3digo de Posturas. A falta de regulariza\u00e7\u00e3o impede, por exemplo, a emiss\u00e3o do \u201cHabite-se\u201d, documento essencial para o registro do im\u00f3vel, financiamento e valoriza\u00e7\u00e3o patrimonial.<\/p>\n<p>Conforme o prefeito, a prorroga\u00e7\u00e3o atende \u00e0 alta procura da popula\u00e7\u00e3o e refor\u00e7a o compromisso com o ordenamento urbano e a seguran\u00e7a jur\u00eddica. \u201cA regulariza\u00e7\u00e3o traz benef\u00edcios diretos ao propriet\u00e1rio e \u00e0 sua fam\u00edlia, al\u00e9m de impactos positivos para toda a cidade\u201d, destacou o prefeito ao justificar a iniciativa.<\/p>\n<p>O programa continua valendo para im\u00f3veis edificados at\u00e9 31 de dezembro de 2024 e considera pass\u00edveis de regulariza\u00e7\u00e3o constru\u00e7\u00f5es que, mesmo irregulares, apresentem condi\u00e7\u00f5es m\u00ednimas de habitabilidade, como estrutura conclu\u00edda, cobertura, instala\u00e7\u00f5es de \u00e1gua e energia, al\u00e9m de ambientes funcionais como cozinha e banheiro.<\/p>\n<p><strong>SERVI\u00c7O<\/strong><\/p>\n<p>Os interessados devem procurar a Secretaria Municipal de Infraestrutura, Transporte e Tr\u00e2nsito (SEINTRA), respons\u00e1vel pela an\u00e1lise, vistoria e aprova\u00e7\u00e3o dos processos \u00e0 R. Joaquim Tiago da Silva, 288 \u2013 Jardim Paranapung\u00e1.<\/p>\n","protected":false},"excerpt":{"rendered":"<p>A Tr\u00eas Lagoas ter\u00e1 mais tempo para regularizar im\u00f3veis constru\u00eddos em desacordo com a legisla\u00e7\u00e3o. O prefeito Cassiano Maia sancionou a lei que prorroga o prazo do Programa de Incentivo \u00e0 Regulariza\u00e7\u00e3o de Edifica\u00e7\u00f5es at\u00e9 o dia 6 de maio de 2027. A medida foi encaminhada pelo Poder Executivo e aprovada pela C\u00e2mara Municipal, alterando [&hellip;]<\/p>\n","protected":false},"author":5,"featured_media":45833,"comment_status":"open","ping_status":"open","sticky":false,"template":"","format":"standard","meta":{"om_disable_all_campaigns":false,"_monsterinsights_skip_tracking":false,"_monsterinsights_sitenote_active":false,"_monsterinsights_sitenote_note":"","_monsterinsights_sitenote_category":0,"footnotes":""},"categories":[30,36,266,193,48],"tags":[],"aioseo_notices":[],"_links":{"self":[{"href":"https:\/\/expressaoms.com.br\/index.php\/wp-json\/wp\/v2\/posts\/45832"}],"collection":[{"href":"https:\/\/expressaoms.com.br\/index.php\/wp-json\/wp\/v2\/posts"}],"about":[{"href":"https:\/\/expressaoms.com.br\/index.php\/wp-json\/wp\/v2\/types\/post"}],"author":[{"embeddable":true,"href":"https:\/\/expressaoms.com.br\/index.php\/wp-json\/wp\/v2\/users\/5"}],"replies":[{"embeddable":true,"href":"https:\/\/expressaoms.com.br\/index.php\/wp-json\/wp\/v2\/comments?post=45832"}],"version-history":[{"count":1,"href":"https:\/\/expressaoms.com.br\/index.php\/wp-json\/wp\/v2\/posts\/45832\/revisions"}],"predecessor-version":[{"id":45834,"href":"https:\/\/expressaoms.com.br\/index.php\/wp-json\/wp\/v2\/posts\/45832\/revisions\/45834"}],"wp:featuredmedia":[{"embeddable":true,"href":"https:\/\/expressaoms.com.br\/index.php\/wp-json\/wp\/v2\/media\/45833"}],"wp:attachment":[{"href":"https:\/\/expressaoms.com.br\/index.php\/wp-json\/wp\/v2\/media?parent=45832"}],"wp:term":[{"taxonomy":"category","embeddable":true,"href":"https:\/\/expressaoms.com.br\/index.php\/wp-json\/wp\/v2\/categories?post=45832"},{"taxonomy":"post_tag","embeddable":true,"href":"https:\/\/expressaoms.com.br\/index.php\/wp-json\/wp\/v2\/tags?post=45832"}],"curies":[{"name":"wp","href":"https:\/\/api.w.org\/{rel}","templated":true}]}}