{"id":45838,"date":"2026-04-27T15:13:16","date_gmt":"2026-04-27T19:13:16","guid":{"rendered":"https:\/\/expressaoms.com.br\/?p=45838"},"modified":"2026-04-27T10:16:04","modified_gmt":"2026-04-27T14:16:04","slug":"um-clique-salva-vidas-comeca-hoje-27-a-semana-municipal-de-transito-em-tres-lagoas","status":"publish","type":"post","link":"https:\/\/expressaoms.com.br\/index.php\/2026\/04\/27\/um-clique-salva-vidas-comeca-hoje-27-a-semana-municipal-de-transito-em-tres-lagoas\/","title":{"rendered":"\u201cUm clique salva vidas\u201d: come\u00e7a hoje (27) a Semana Municipal de Tr\u00e2nsito em Tr\u00eas Lagoas"},"content":{"rendered":"<p>Come\u00e7a nesta segunda-feira, 27 de abril, a Semana Municipal de Tr\u00e2nsito de Tr\u00eas Lagoas. Denominada \u201cCinto de seguran\u00e7a: um clique salva vidas!\u201d, a Semana de Tr\u00e2nsito est\u00e1 em sua 20\u00aa edi\u00e7\u00e3o no munic\u00edpio, sempre focada em uma \u00fanica miss\u00e3o: conscientiza\u00e7\u00e3o e seguran\u00e7a no tr\u00e2nsito.<\/p>\n<p>Realizado pelo Departamento Municipal de Tr\u00e2nsito (DEPTRAN), o evento faz parte da Campanha Nacional da SENATRAN (Secretaria Nacional de Tr\u00e2nsito) \u201cDesacelere, seu bem maior \u00e9 a vida\u201d e acontece at\u00e9 o dia 30, com palestras e blitz educativas, entrevistas e a\u00e7\u00f5es com participa\u00e7\u00e3o da imprensa local.<\/p>\n<p>As a\u00e7\u00f5es realizadas ir\u00e3o abranger todas as faixas et\u00e1rias, desde a primeira inf\u00e2ncia at\u00e9 a fase adulta, promovendo n\u00e3o apenas informa\u00e7\u00f5es relevantes, mas tamb\u00e9m a conscientiza\u00e7\u00e3o sobre a import\u00e2ncia do uso do cinto de seguran\u00e7a ao utilizar um autom\u00f3vel. A iniciativa busca refor\u00e7ar comportamentos seguros no tr\u00e2nsito, incentivando a ado\u00e7\u00e3o de h\u00e1bitos respons\u00e1veis desde cedo, contribuindo para a redu\u00e7\u00e3o de riscos e a preserva\u00e7\u00e3o de vidas.<\/p>\n<p><strong>PROGRAMA\u00c7\u00c3O<\/strong><\/p>\n<p>Segue abaixo a programa\u00e7\u00e3o completa da 20\u00aa Semana Municipal de Tr\u00e2nsito:<br \/>\n<strong>27 de abril:<\/strong>\u00a0Realiza\u00e7\u00e3o de lives e entrevistas no perfil da DEPTRAN no Instagram: @deptrantl.<br \/>\n<strong>28 de abril:<\/strong>\u00a0Fala em sess\u00e3o da C\u00e2mara, com a presen\u00e7a dos alunos da patrulha mirim e blitz educativa.<br \/>\n<strong>29 de abril:<\/strong>\u00a0Evento com participa\u00e7\u00e3o da imprensa local e a\u00e7\u00e3o educativa na CEI Neife.<br \/>\n<strong>30 de abril:\u00a0<\/strong>Palestra para o G6 e 1\u00ba ano da Escola Olynto Mancini.<\/p>\n","protected":false},"excerpt":{"rendered":"<p>Come\u00e7a nesta segunda-feira, 27 de abril, a Semana Municipal de Tr\u00e2nsito de Tr\u00eas Lagoas. Denominada \u201cCinto de seguran\u00e7a: um clique salva vidas!\u201d, a Semana de Tr\u00e2nsito est\u00e1 em sua 20\u00aa edi\u00e7\u00e3o no munic\u00edpio, sempre focada em uma \u00fanica miss\u00e3o: conscientiza\u00e7\u00e3o e seguran\u00e7a no tr\u00e2nsito. Realizado pelo Departamento Municipal de Tr\u00e2nsito (DEPTRAN), o evento faz parte [&hellip;]<\/p>\n","protected":false},"author":5,"featured_media":45839,"comment_status":"open","ping_status":"open","sticky":false,"template":"","format":"standard","meta":{"om_disable_all_campaigns":false,"_monsterinsights_skip_tracking":false,"_monsterinsights_sitenote_active":false,"_monsterinsights_sitenote_note":"","_monsterinsights_sitenote_category":0,"footnotes":""},"categories":[30,266,193,48],"tags":[],"aioseo_notices":[],"_links":{"self":[{"href":"https:\/\/expressaoms.com.br\/index.php\/wp-json\/wp\/v2\/posts\/45838"}],"collection":[{"href":"https:\/\/expressaoms.com.br\/index.php\/wp-json\/wp\/v2\/posts"}],"about":[{"href":"https:\/\/expressaoms.com.br\/index.php\/wp-json\/wp\/v2\/types\/post"}],"author":[{"embeddable":true,"href":"https:\/\/expressaoms.com.br\/index.php\/wp-json\/wp\/v2\/users\/5"}],"replies":[{"embeddable":true,"href":"https:\/\/expressaoms.com.br\/index.php\/wp-json\/wp\/v2\/comments?post=45838"}],"version-history":[{"count":1,"href":"https:\/\/expressaoms.com.br\/index.php\/wp-json\/wp\/v2\/posts\/45838\/revisions"}],"predecessor-version":[{"id":45840,"href":"https:\/\/expressaoms.com.br\/index.php\/wp-json\/wp\/v2\/posts\/45838\/revisions\/45840"}],"wp:featuredmedia":[{"embeddable":true,"href":"https:\/\/expressaoms.com.br\/index.php\/wp-json\/wp\/v2\/media\/45839"}],"wp:attachment":[{"href":"https:\/\/expressaoms.com.br\/index.php\/wp-json\/wp\/v2\/media?parent=45838"}],"wp:term":[{"taxonomy":"category","embeddable":true,"href":"https:\/\/expressaoms.com.br\/index.php\/wp-json\/wp\/v2\/categories?post=45838"},{"taxonomy":"post_tag","embeddable":true,"href":"https:\/\/expressaoms.com.br\/index.php\/wp-json\/wp\/v2\/tags?post=45838"}],"curies":[{"name":"wp","href":"https:\/\/api.w.org\/{rel}","templated":true}]}}