{"id":45848,"date":"2026-04-27T16:14:17","date_gmt":"2026-04-27T20:14:17","guid":{"rendered":"https:\/\/expressaoms.com.br\/?p=45848"},"modified":"2026-04-27T15:15:33","modified_gmt":"2026-04-27T19:15:33","slug":"tres-lagoas-tera-feirao-de-vagas-no-dia-do-trabalhador-com-entrevistas-presenciais","status":"publish","type":"post","link":"https:\/\/expressaoms.com.br\/index.php\/2026\/04\/27\/tres-lagoas-tera-feirao-de-vagas-no-dia-do-trabalhador-com-entrevistas-presenciais\/","title":{"rendered":"Tr\u00eas Lagoas ter\u00e1 Feir\u00e3o de Vagas no Dia do Trabalhador com entrevistas presenciais"},"content":{"rendered":"<p>Em comemora\u00e7\u00e3o ao Dia do Trabalhador, Tr\u00eas Lagoas receber\u00e1 um grande\u00a0<strong>Feir\u00e3o de Vagas<\/strong>, oferecendo novas oportunidades para quem busca espa\u00e7o no mercado de trabalho. A a\u00e7\u00e3o ser\u00e1 realizada na\u00a0<strong>quinta-feira, 30 de abril<\/strong>, das\u00a0<strong>8h \u00e0s 16h<\/strong>, na\u00a0<strong>Casa do Trabalhador<\/strong>, localizada na Rua Munir Thom\u00e9, n\u00ba 86, Centro.<\/p>\n<p>Promovido em parceria entre Prefeitura de Tr\u00eas Lagoas, FUNTRAB, Casa do Trabalhador e Governo do Estado, o evento tem como objetivo aproximar empresas e candidatos, facilitando o acesso ao emprego e incentivando a gera\u00e7\u00e3o de renda no munic\u00edpio.<\/p>\n<p>Um dos grandes destaques do feir\u00e3o ser\u00e3o as\u00a0<strong>entrevistas presenciais<\/strong>, permitindo que os participantes conversem diretamente com recrutadores e possam sair do evento j\u00e1 encaminhados para processos seletivos.<\/p>\n<p>A iniciativa busca ampliar as oportunidades para trabalhadores de diferentes perfis e \u00e1reas de atua\u00e7\u00e3o, fortalecendo o desenvolvimento econ\u00f4mico local e valorizando quem contribui diariamente para o crescimento da cidade.<\/p>\n<p><strong>COMO PARTICIPAR<\/strong><\/p>\n<p>Os interessados devem comparecer ao local munidos de curr\u00edculo atualizado e documentos pessoais. A recomenda\u00e7\u00e3o \u00e9 chegar cedo para aproveitar melhor as oportunidades dispon\u00edveis ao longo do dia.<\/p>\n<p>Com o lema \u201cMais oportunidades para voc\u00ea conquistar o seu lugar no mercado de trabalho\u201d, o Feir\u00e3o de Vagas promete ser uma excelente chance para quem deseja recome\u00e7ar, mudar de \u00e1rea ou conquistar o primeiro emprego.<\/p>\n","protected":false},"excerpt":{"rendered":"<p>Em comemora\u00e7\u00e3o ao Dia do Trabalhador, Tr\u00eas Lagoas receber\u00e1 um grande\u00a0Feir\u00e3o de Vagas, oferecendo novas oportunidades para quem busca espa\u00e7o no mercado de trabalho. A a\u00e7\u00e3o ser\u00e1 realizada na\u00a0quinta-feira, 30 de abril, das\u00a08h \u00e0s 16h, na\u00a0Casa do Trabalhador, localizada na Rua Munir Thom\u00e9, n\u00ba 86, Centro. Promovido em parceria entre Prefeitura de Tr\u00eas Lagoas, FUNTRAB, [&hellip;]<\/p>\n","protected":false},"author":5,"featured_media":45849,"comment_status":"open","ping_status":"open","sticky":false,"template":"","format":"standard","meta":{"om_disable_all_campaigns":false,"_monsterinsights_skip_tracking":false,"_monsterinsights_sitenote_active":false,"_monsterinsights_sitenote_note":"","_monsterinsights_sitenote_category":0,"footnotes":""},"categories":[30,36,266,193,48],"tags":[],"aioseo_notices":[],"_links":{"self":[{"href":"https:\/\/expressaoms.com.br\/index.php\/wp-json\/wp\/v2\/posts\/45848"}],"collection":[{"href":"https:\/\/expressaoms.com.br\/index.php\/wp-json\/wp\/v2\/posts"}],"about":[{"href":"https:\/\/expressaoms.com.br\/index.php\/wp-json\/wp\/v2\/types\/post"}],"author":[{"embeddable":true,"href":"https:\/\/expressaoms.com.br\/index.php\/wp-json\/wp\/v2\/users\/5"}],"replies":[{"embeddable":true,"href":"https:\/\/expressaoms.com.br\/index.php\/wp-json\/wp\/v2\/comments?post=45848"}],"version-history":[{"count":1,"href":"https:\/\/expressaoms.com.br\/index.php\/wp-json\/wp\/v2\/posts\/45848\/revisions"}],"predecessor-version":[{"id":45850,"href":"https:\/\/expressaoms.com.br\/index.php\/wp-json\/wp\/v2\/posts\/45848\/revisions\/45850"}],"wp:featuredmedia":[{"embeddable":true,"href":"https:\/\/expressaoms.com.br\/index.php\/wp-json\/wp\/v2\/media\/45849"}],"wp:attachment":[{"href":"https:\/\/expressaoms.com.br\/index.php\/wp-json\/wp\/v2\/media?parent=45848"}],"wp:term":[{"taxonomy":"category","embeddable":true,"href":"https:\/\/expressaoms.com.br\/index.php\/wp-json\/wp\/v2\/categories?post=45848"},{"taxonomy":"post_tag","embeddable":true,"href":"https:\/\/expressaoms.com.br\/index.php\/wp-json\/wp\/v2\/tags?post=45848"}],"curies":[{"name":"wp","href":"https:\/\/api.w.org\/{rel}","templated":true}]}}