{"id":4585,"date":"2022-02-14T07:00:06","date_gmt":"2022-02-14T10:00:06","guid":{"rendered":"https:\/\/expressaoms.com.br\/?p=4585"},"modified":"2022-02-14T09:56:51","modified_gmt":"2022-02-14T12:56:51","slug":"tempo-firme-com-maxima-de-37c-abre-a-semana-em-mato-grosso-do-sul","status":"publish","type":"post","link":"https:\/\/expressaoms.com.br\/index.php\/2022\/02\/14\/tempo-firme-com-maxima-de-37c-abre-a-semana-em-mato-grosso-do-sul\/","title":{"rendered":"Tempo firme com m\u00e1xima de 37\u00b0C abre a semana em Mato Grosso do Sul"},"content":{"rendered":"<p><span style=\"vertical-align: inherit;\"><span style=\"vertical-align: inherit;\">A semana ter\u00e1 predom\u00ednio de tempo firme em Mato Grosso do Sul. Previs\u00e3o do Centro de Monitoramento do Tempo e do Clima indica clima t\u00edpico de ver\u00e3o com chance de pancadas de chuva com tempestades bem isoladas nas regi\u00f5es centro-norte, sudoeste e pantaneira devido ao aquecimento diurno para segunda (14) e ter\u00e7a-feira (15).<\/span><\/span><\/p>\n<p><span style=\"vertical-align: inherit;\"><span style=\"vertical-align: inherit;\">O tempo deve ficar inst\u00e1vel entre quarta (16) e quinta-feira (17) quando a disponibilidade de umidade combinada ao aquecimento diurno e ao avan\u00e7o de um cavado aumenta a chance de chuvas de intensidade moderada a forte e tempestades que podem vir acompanhadas de raios rajadas de vento e eventual queda de granizo.<\/span><\/span><\/p>\n<p><span style=\"vertical-align: inherit;\"><span style=\"vertical-align: inherit;\">As regi\u00f5es sudoeste, pantaneira e centro-norte podem ter os maiores acumulados, com estimativa de valores acima de 40mm em 24hs, principalmente entre quinta-feira e sexta-feira (18).<\/span><\/span><\/p>\n<p><span style=\"vertical-align: inherit;\"><span style=\"vertical-align: inherit;\">A tend\u00eancia \u00e9 que as temperaturas sigam elevadas ao longo da semana no Estado, com m\u00ednimas entre 20\u00b0C a 25\u00b0C e m\u00e1ximas que podem variar entre 31\u00b0C a 37\u00b0C.<\/span><\/span><\/p>\n<p><span style=\"vertical-align: inherit;\"><span style=\"vertical-align: inherit;\">Nesta segunda-feira, o tempo fica firme com sol e varia\u00e7\u00e3o de nebulosidade em todo Estado. Pancadas isoladas de chuva s\u00e3o esperadas para algumas \u00e1reas das regi\u00f5es pantaneira e centro-norte do Estado.<\/span><\/span><\/p>\n<p><span style=\"vertical-align: inherit;\"><span style=\"vertical-align: inherit;\">Neste in\u00edcio de semana as temperaturas podem registrar m\u00ednimas de 21\u00b0C e m\u00e1ximas de at\u00e9 37\u00b0C, especialmente no centro sul e leste do Estado. Os n\u00edveis de umidade relativa do ar tendem a ficar entre 50-30% nas horas mais quentes do dia.<\/span><\/span><\/p>\n<p><span style=\"vertical-align: inherit;\"><span style=\"vertical-align: inherit;\">Segundo a Climatempo, na Capital a segunda-feira ser\u00e1 de sol entre poucas nuvens, sem previs\u00e3o de chuva e com temperaturas entre 22\u00b0C a 34\u00b0C. Em Dourados, as condi\u00e7\u00f5es de tempo ser\u00e3o as mesmas, por\u00e9m com m\u00e1xima de 36\u00b0C.<\/span><\/span><\/p>\n<p><span style=\"vertical-align: inherit;\"><span style=\"vertical-align: inherit;\">Fonte: Governo MS<\/span><\/span><\/p>\n","protected":false},"excerpt":{"rendered":"<p>A semana ter\u00e1 predom\u00ednio de tempo firme em Mato Grosso do Sul. Previs\u00e3o do Centro de Monitoramento do Tempo e do Clima indica clima t\u00edpico de ver\u00e3o com chance de pancadas de chuva com tempestades bem isoladas nas regi\u00f5es centro-norte, sudoeste e pantaneira devido ao aquecimento diurno para segunda (14) e ter\u00e7a-feira (15). O tempo [&hellip;]<\/p>\n","protected":false},"author":2,"featured_media":4586,"comment_status":"open","ping_status":"open","sticky":false,"template":"","format":"standard","meta":{"om_disable_all_campaigns":false,"_monsterinsights_skip_tracking":false,"_monsterinsights_sitenote_active":false,"_monsterinsights_sitenote_note":"","_monsterinsights_sitenote_category":0,"footnotes":""},"categories":[30,47],"tags":[],"aioseo_notices":[],"_links":{"self":[{"href":"https:\/\/expressaoms.com.br\/index.php\/wp-json\/wp\/v2\/posts\/4585"}],"collection":[{"href":"https:\/\/expressaoms.com.br\/index.php\/wp-json\/wp\/v2\/posts"}],"about":[{"href":"https:\/\/expressaoms.com.br\/index.php\/wp-json\/wp\/v2\/types\/post"}],"author":[{"embeddable":true,"href":"https:\/\/expressaoms.com.br\/index.php\/wp-json\/wp\/v2\/users\/2"}],"replies":[{"embeddable":true,"href":"https:\/\/expressaoms.com.br\/index.php\/wp-json\/wp\/v2\/comments?post=4585"}],"version-history":[{"count":2,"href":"https:\/\/expressaoms.com.br\/index.php\/wp-json\/wp\/v2\/posts\/4585\/revisions"}],"predecessor-version":[{"id":4592,"href":"https:\/\/expressaoms.com.br\/index.php\/wp-json\/wp\/v2\/posts\/4585\/revisions\/4592"}],"wp:featuredmedia":[{"embeddable":true,"href":"https:\/\/expressaoms.com.br\/index.php\/wp-json\/wp\/v2\/media\/4586"}],"wp:attachment":[{"href":"https:\/\/expressaoms.com.br\/index.php\/wp-json\/wp\/v2\/media?parent=4585"}],"wp:term":[{"taxonomy":"category","embeddable":true,"href":"https:\/\/expressaoms.com.br\/index.php\/wp-json\/wp\/v2\/categories?post=4585"},{"taxonomy":"post_tag","embeddable":true,"href":"https:\/\/expressaoms.com.br\/index.php\/wp-json\/wp\/v2\/tags?post=4585"}],"curies":[{"name":"wp","href":"https:\/\/api.w.org\/{rel}","templated":true}]}}