{"id":45854,"date":"2026-04-27T17:02:00","date_gmt":"2026-04-27T21:02:00","guid":{"rendered":"https:\/\/expressaoms.com.br\/?p=45854"},"modified":"2026-04-27T15:24:59","modified_gmt":"2026-04-27T19:24:59","slug":"prefeitura-de-tres-lagoas-convoca-populacao-para-duas-audiencias-publicas-sobre-orcamento-municipal","status":"publish","type":"post","link":"https:\/\/expressaoms.com.br\/index.php\/2026\/04\/27\/prefeitura-de-tres-lagoas-convoca-populacao-para-duas-audiencias-publicas-sobre-orcamento-municipal\/","title":{"rendered":"Prefeitura de Tr\u00eas Lagoas convoca popula\u00e7\u00e3o para duas audi\u00eancias p\u00fablicas sobre or\u00e7amento municipal"},"content":{"rendered":"<p>A Prefeitura de Tr\u00eas Lagoas, por meio da Secretaria Municipal de Fazenda (SEFAZ), convida toda a popula\u00e7\u00e3o para participar de duas importantes audi\u00eancias p\u00fablicas que ser\u00e3o realizadas no m\u00eas de maio, com foco na transpar\u00eancia e na participa\u00e7\u00e3o popular na gest\u00e3o dos recursos p\u00fablicos.<\/p>\n<p>A primeira audi\u00eancia acontece no dia 22 de maio de 2026 (sexta-feira), \u00e0s 17h30, no Audit\u00f3rio do Plen\u00e1rio da C\u00e2mara Municipal, e ter\u00e1 como pauta a apresenta\u00e7\u00e3o e discuss\u00e3o do Projeto de Lei das Diretrizes Or\u00e7ament\u00e1rias (LDO) para o exerc\u00edcio de 2027. Durante o encontro, ser\u00e3o apresentados os principais pontos que ir\u00e3o nortear a elabora\u00e7\u00e3o do or\u00e7amento do pr\u00f3ximo ano, al\u00e9m da oportunidade para esclarecimento de d\u00favidas por parte da popula\u00e7\u00e3o.<\/p>\n<p>J\u00e1 a segunda audi\u00eancia ser\u00e1 realizada no dia 29 de maio de 2026 (sexta-feira), tamb\u00e9m \u00e0s 17h30, no mesmo local, e tratar\u00e1 da Presta\u00e7\u00e3o de Contas do 1\u00ba Quadrimestre de 2026. Na ocasi\u00e3o, ser\u00e3o apresentados os dados da execu\u00e7\u00e3o or\u00e7ament\u00e1ria do munic\u00edpio nos primeiros meses do ano, garantindo transpar\u00eancia na aplica\u00e7\u00e3o dos recursos p\u00fablicos.<\/p>\n<p>As audi\u00eancias p\u00fablicas s\u00e3o realizadas conforme determina a Lei de Responsabilidade Fiscal (LRF\/2000) e representam um importante instrumento de participa\u00e7\u00e3o cidad\u00e3, permitindo que a popula\u00e7\u00e3o acompanhe, questione e contribua com a gest\u00e3o financeira do munic\u00edpio.<\/p>\n","protected":false},"excerpt":{"rendered":"<p>A Prefeitura de Tr\u00eas Lagoas, por meio da Secretaria Municipal de Fazenda (SEFAZ), convida toda a popula\u00e7\u00e3o para participar de duas importantes audi\u00eancias p\u00fablicas que ser\u00e3o realizadas no m\u00eas de maio, com foco na transpar\u00eancia e na participa\u00e7\u00e3o popular na gest\u00e3o dos recursos p\u00fablicos. A primeira audi\u00eancia acontece no dia 22 de maio de 2026 [&hellip;]<\/p>\n","protected":false},"author":5,"featured_media":45855,"comment_status":"open","ping_status":"open","sticky":false,"template":"","format":"standard","meta":{"om_disable_all_campaigns":false,"_monsterinsights_skip_tracking":false,"_monsterinsights_sitenote_active":false,"_monsterinsights_sitenote_note":"","_monsterinsights_sitenote_category":0,"footnotes":""},"categories":[30,36,266,193,48],"tags":[],"aioseo_notices":[],"_links":{"self":[{"href":"https:\/\/expressaoms.com.br\/index.php\/wp-json\/wp\/v2\/posts\/45854"}],"collection":[{"href":"https:\/\/expressaoms.com.br\/index.php\/wp-json\/wp\/v2\/posts"}],"about":[{"href":"https:\/\/expressaoms.com.br\/index.php\/wp-json\/wp\/v2\/types\/post"}],"author":[{"embeddable":true,"href":"https:\/\/expressaoms.com.br\/index.php\/wp-json\/wp\/v2\/users\/5"}],"replies":[{"embeddable":true,"href":"https:\/\/expressaoms.com.br\/index.php\/wp-json\/wp\/v2\/comments?post=45854"}],"version-history":[{"count":1,"href":"https:\/\/expressaoms.com.br\/index.php\/wp-json\/wp\/v2\/posts\/45854\/revisions"}],"predecessor-version":[{"id":45856,"href":"https:\/\/expressaoms.com.br\/index.php\/wp-json\/wp\/v2\/posts\/45854\/revisions\/45856"}],"wp:featuredmedia":[{"embeddable":true,"href":"https:\/\/expressaoms.com.br\/index.php\/wp-json\/wp\/v2\/media\/45855"}],"wp:attachment":[{"href":"https:\/\/expressaoms.com.br\/index.php\/wp-json\/wp\/v2\/media?parent=45854"}],"wp:term":[{"taxonomy":"category","embeddable":true,"href":"https:\/\/expressaoms.com.br\/index.php\/wp-json\/wp\/v2\/categories?post=45854"},{"taxonomy":"post_tag","embeddable":true,"href":"https:\/\/expressaoms.com.br\/index.php\/wp-json\/wp\/v2\/tags?post=45854"}],"curies":[{"name":"wp","href":"https:\/\/api.w.org\/{rel}","templated":true}]}}