{"id":45857,"date":"2026-04-27T19:27:55","date_gmt":"2026-04-27T23:27:55","guid":{"rendered":"https:\/\/expressaoms.com.br\/?p=45857"},"modified":"2026-04-27T19:27:55","modified_gmt":"2026-04-27T23:27:55","slug":"camara-de-tres-lagoas-realiza-seminario-sobre-autismo-nesta-terca-feira-28","status":"publish","type":"post","link":"https:\/\/expressaoms.com.br\/index.php\/2026\/04\/27\/camara-de-tres-lagoas-realiza-seminario-sobre-autismo-nesta-terca-feira-28\/","title":{"rendered":"C\u00e2mara de Tr\u00eas Lagoas realiza semin\u00e1rio sobre autismo nesta ter\u00e7a-feira (28)"},"content":{"rendered":"<p>A C\u00e2mara de Vereadores de Tr\u00eas Lagoas promove, nesta ter\u00e7a-feira (28), \u00e0s 18h45, um Semin\u00e1rio sobre o Autismo no Plen\u00e1rio \u201cRanulpho Marques Leal\u201d. A iniciativa \u00e9 de proposi\u00e7\u00e3o do presidente da Casa, vereador Antonio Luiz Teixeira Empke Jr. (Tonh\u00e3o), e re\u00fane representantes do poder p\u00fablico e da sociedade civil para discutir pol\u00edticas voltadas \u00e0s pessoas com Transtorno do Espectro Autista (TEA).<\/p>\n<p>O evento contar\u00e1 com a participa\u00e7\u00e3o das Secretarias Municipais de Educa\u00e7\u00e3o, Sa\u00fade e Assist\u00eancia Social, que devem apresentar a\u00e7\u00f5es em andamento, investimentos realizados, metas e o planejamento de novas iniciativas na \u00e1rea.<\/p>\n<p>A proposta \u00e9 ampliar o di\u00e1logo institucional e dar transpar\u00eancia \u00e0s pol\u00edticas p\u00fablicas desenvolvidas no munic\u00edpio, al\u00e9m de promover a troca de informa\u00e7\u00f5es entre gestores, profissionais e a popula\u00e7\u00e3o.<\/p>\n<p>O semin\u00e1rio tamb\u00e9m busca chamar aten\u00e7\u00e3o para temas como diagn\u00f3stico precoce, acompanhamento multidisciplinar e inclus\u00e3o social, pontos considerados essenciais para garantir direitos e qualidade de vida \u00e0s pessoas com TEA.<\/p>\n<p>A realiza\u00e7\u00e3o do encontro refor\u00e7a a atua\u00e7\u00e3o do Legislativo em pautas sociais e abre espa\u00e7o para o debate p\u00fablico sobre a estrutura de atendimento no munic\u00edpio. A expectativa \u00e9 de que o evento contribua para o aprimoramento das a\u00e7\u00f5es j\u00e1 existentes e para a constru\u00e7\u00e3o de novas estrat\u00e9gias voltadas ao p\u00fablico autista e suas fam\u00edlias.<\/p>\n<p>A iniciativa conta ainda com o apoio da Associa\u00e7\u00e3o de Pais e Amigos do Autista.<\/p>\n<p>O evento \u00e9 aberto ao p\u00fablico.<\/p>\n","protected":false},"excerpt":{"rendered":"<p>A C\u00e2mara de Vereadores de Tr\u00eas Lagoas promove, nesta ter\u00e7a-feira (28), \u00e0s 18h45, um Semin\u00e1rio sobre o Autismo no Plen\u00e1rio \u201cRanulpho Marques Leal\u201d. A iniciativa \u00e9 de proposi\u00e7\u00e3o do presidente da Casa, vereador Antonio Luiz Teixeira Empke Jr. (Tonh\u00e3o), e re\u00fane representantes do poder p\u00fablico e da sociedade civil para discutir pol\u00edticas voltadas \u00e0s pessoas [&hellip;]<\/p>\n","protected":false},"author":3,"featured_media":45858,"comment_status":"open","ping_status":"open","sticky":false,"template":"","format":"standard","meta":{"om_disable_all_campaigns":false,"_monsterinsights_skip_tracking":false,"_monsterinsights_sitenote_active":false,"_monsterinsights_sitenote_note":"","_monsterinsights_sitenote_category":0,"footnotes":""},"categories":[42,48],"tags":[],"aioseo_notices":[],"_links":{"self":[{"href":"https:\/\/expressaoms.com.br\/index.php\/wp-json\/wp\/v2\/posts\/45857"}],"collection":[{"href":"https:\/\/expressaoms.com.br\/index.php\/wp-json\/wp\/v2\/posts"}],"about":[{"href":"https:\/\/expressaoms.com.br\/index.php\/wp-json\/wp\/v2\/types\/post"}],"author":[{"embeddable":true,"href":"https:\/\/expressaoms.com.br\/index.php\/wp-json\/wp\/v2\/users\/3"}],"replies":[{"embeddable":true,"href":"https:\/\/expressaoms.com.br\/index.php\/wp-json\/wp\/v2\/comments?post=45857"}],"version-history":[{"count":1,"href":"https:\/\/expressaoms.com.br\/index.php\/wp-json\/wp\/v2\/posts\/45857\/revisions"}],"predecessor-version":[{"id":45859,"href":"https:\/\/expressaoms.com.br\/index.php\/wp-json\/wp\/v2\/posts\/45857\/revisions\/45859"}],"wp:featuredmedia":[{"embeddable":true,"href":"https:\/\/expressaoms.com.br\/index.php\/wp-json\/wp\/v2\/media\/45858"}],"wp:attachment":[{"href":"https:\/\/expressaoms.com.br\/index.php\/wp-json\/wp\/v2\/media?parent=45857"}],"wp:term":[{"taxonomy":"category","embeddable":true,"href":"https:\/\/expressaoms.com.br\/index.php\/wp-json\/wp\/v2\/categories?post=45857"},{"taxonomy":"post_tag","embeddable":true,"href":"https:\/\/expressaoms.com.br\/index.php\/wp-json\/wp\/v2\/tags?post=45857"}],"curies":[{"name":"wp","href":"https:\/\/api.w.org\/{rel}","templated":true}]}}