{"id":45860,"date":"2026-04-28T09:03:21","date_gmt":"2026-04-28T13:03:21","guid":{"rendered":"https:\/\/expressaoms.com.br\/?p=45860"},"modified":"2026-04-28T09:09:03","modified_gmt":"2026-04-28T13:09:03","slug":"veteranos-60-e-homenagem-a-nene-veloso-secretario-explica-veto-a-reajustes-de-premiacoes-do-futebol-em-tres-lagoas","status":"publish","type":"post","link":"https:\/\/expressaoms.com.br\/index.php\/2026\/04\/28\/veteranos-60-e-homenagem-a-nene-veloso-secretario-explica-veto-a-reajustes-de-premiacoes-do-futebol-em-tres-lagoas\/","title":{"rendered":"Veteranos 60+ e homenagem a Nen\u00e9 Veloso: secret\u00e1rio explica veto a reajustes de premia\u00e7\u00f5es do futebol em Tr\u00eas Lagoas"},"content":{"rendered":"<p>O Di\u00e1rio Oficial n\u00ba 4080, publicado na segunda-feira (27) pela ASSOMASUL, trouxe as Resolu\u00e7\u00f5es n\u00ba 007 e n\u00ba 008 da C\u00e2mara Municipal de Tr\u00eas Lagoas, ambas de 22 de abril de 2026. Os documentos confirmam que o Legislativo manteve o veto integral do Poder Executivo a dois projetos que tratavam do reajuste de premia\u00e7\u00f5es de competi\u00e7\u00f5es esportivas municipais.<\/p>\n<p>Enquanto a nova proposta n\u00e3o for enviada, aprovada e sancionada, as premia\u00e7\u00f5es dos campeonatos municipais de futebol e da Copa Sejuvel\/JAT&#8217;s seguem os valores estabelecidos pelas leis anteriores (n\u00ba 3.836\/2021 e n\u00ba 3.576\/2019).<\/p>\n<p>Em entrevista ao\u00a0<strong>Express\u00e3o MS<\/strong>, o secret\u00e1rio municipal de Esportes, Walter da Silva Dias, conhecido como Hulk, explicou os motivos do veto, as negocia\u00e7\u00f5es com representantes do futebol amador, a participa\u00e7\u00e3o do vereador Mi do Santa Luzia, a homenagem a Nen\u00e9 Veloso e os pr\u00f3ximos passos do Executivo.<\/p>\n<h2>O que dizem as resolu\u00e7\u00f5es<\/h2>\n<p><strong>Resolu\u00e7\u00e3o n\u00ba 007\/2026<\/strong><\/p>\n<p>Disp\u00f5e sobre o veto integral ao Aut\u00f3grafo da Lei n\u00ba 4.427, de 24 de mar\u00e7o de 2026, que &#8220;altera o Anexo \u00danico da Lei n\u00ba 3.836, de 06 de dezembro de 2021, para readequar a premia\u00e7\u00e3o dos Campeonatos Municipais de Futebol, e d\u00e1 outras provid\u00eancias&#8221;.<\/p>\n<p>O artigo 1\u00ba estabelece: &#8220;Frente ao Of\u00edcio 048\/GAB\/2026 do Executivo Municipal que consubstancia o veto integral ao aut\u00f3grafo da Lei n\u00ba 4.427 de 24 de mar\u00e7o de 2026, com base no inciso II al\u00ednea &#8216;c&#8217; do art. 16 do Regimento Interno, e, de acordo com o Parecer da Comiss\u00e3o de Constitui\u00e7\u00e3o, Justi\u00e7a e Reda\u00e7\u00e3o Final, favor\u00e1vel \u00e0 aprova\u00e7\u00e3o, fica mantido o Veto Integral ao Aut\u00f3grafo da Lei n\u00ba 4.427, de 24 de mar\u00e7o de 2026.&#8221;<\/p>\n<p><strong>Resolu\u00e7\u00e3o n\u00ba 008\/2026<\/strong><\/p>\n<p>Disp\u00f5e sobre o veto integral ao Aut\u00f3grafo da Lei n\u00ba 4.428, de 24 de mar\u00e7o de 2026, que &#8220;altera o art. 2\u00ba da Lei n\u00ba 3.576, de 12 de novembro de 2019, para atualizar as premia\u00e7\u00f5es da Copa Sejuvel, Jogos Abertos Treslagoenses \u2013 JAT&#8217;s, e d\u00e1 outras provid\u00eancias&#8221;.<\/p>\n<p>O artigo 1\u00ba segue a mesma estrutura: &#8220;Frente ao Of\u00edcio 049\/GAB\/2026 do Executivo Municipal que consubstancia o veto integral ao aut\u00f3grafo da Lei n\u00ba 4.428 de 24 de mar\u00e7o de 2026, com base no inciso II al\u00ednea &#8216;c&#8217; do art. 16 do Regimento Interno, e, de acordo com o Parecer da Comiss\u00e3o de Constitui\u00e7\u00e3o, Justi\u00e7a e Reda\u00e7\u00e3o Final, favor\u00e1vel \u00e0 aprova\u00e7\u00e3o, fica mantido o Veto Integral ao Aut\u00f3grafo da Lei n\u00ba 4.428, de 24 de mar\u00e7o de 2026.&#8221;<\/p>\n<p>Ambas as resolu\u00e7\u00f5es foram promulgadas pelo presidente da C\u00e2mara, Ant\u00f4nio Luiz Teixeira Empke J\u00fanior, e assinadas pela Mesa Diretora (Fernando Lucas de Souza Jurado, Evalda dos Reis Ferreira, Pedro Machado Gon\u00e7alves J\u00fanior e Maria Aparecida Diogo). Entraram em vigor em 22 de abril de 2026, revogando disposi\u00e7\u00f5es em contr\u00e1rio.<\/p>\n<p>Em entrevista ao\u00a0<strong>Express\u00e3o MS<\/strong>, o secret\u00e1rio Hulk afirmou que o veto foi motivado por uma\u00a0quest\u00e3o t\u00e9cnica\u00a0surgida ap\u00f3s o envio do projeto \u00e0 C\u00e2mara.<\/p>\n<p>Segundo ele, uma reuni\u00e3o foi realizada com representantes do futebol amador, varziano, categorias de base e categorias veteranas. A partir dessa reuni\u00e3o, &#8220;de acordo com a vontade do prefeito&#8221;, foi iniciada a altera\u00e7\u00e3o da lei. O trabalho foi feito.<\/p>\n<p>No entanto, durante o per\u00edodo em que o projeto tramitou entre a Prefeitura e a C\u00e2mara Municipal, uma nova demanda apareceu. &#8220;N\u00f3s t\u00ednhamos acertado para fazer 5 campeonatos veteranos e na lei s\u00f3 foram 4, que \u00e9 o 40, o 45 e o 55&#8221;, declarou Hulk.<\/p>\n<p>Nesse intervalo, ocorreu o falecimento de Nen\u00e9 Veloso. O secret\u00e1rio o descreveu como &#8220;um querido amigo t\u00e3o grande, de longo tempo, amava o futebol veemente, gostava do esporte, tivemos v\u00e1rias entrevistas, um amigo do cora\u00e7\u00e3o&#8221;.<\/p>\n<p>Segundo Hulk, o vereador Mi do Santa Luzia fez uma indica\u00e7\u00e3o para que o campeonato veterano 60+ fosse nomeado com o nome de Nen\u00e9 Veloso. &#8220;Conversamos com o Prefeito, com o vereador da C\u00e2mara, ent\u00e3o, por isso teve esse veto, para que a gente indexasse esse 60+, do campeonato do Nen\u00ea Veloso.&#8221;<\/p>\n<p>O secret\u00e1rio afirmou que o veto teve como \u00fanica finalidade permitir a inclus\u00e3o dessa categoria. Hulk declarou que, quando o projeto retornar \u00e0 C\u00e2mara, &#8220;todos os valores ser\u00e3o iguais, com os reajustes em UFIM, tudo certinho&#8221;. O novo projeto incluir\u00e1 tamb\u00e9m os campeonatos municipais e a Copa Sejuvel.<\/p>\n<p>Sobre as categorias de veteranos, ele explicou o seguinte: A lei anteriormente preparada continha as categorias 40, 45 e 55, havia uma lacuna: faltava a categoria 50. Agora, o novo projeto incluir\u00e1 as categorias\u00a040, 45, 50, 55 e 60+.<\/p>\n<p>&#8220;Agora v\u00e3o atender cinco categorias. Cinco categorias dos nossos veteranos&#8221;, afirmou. Ele tamb\u00e9m destacou que a categoria 60+ n\u00e3o existia antes.<\/p>\n<p>O secret\u00e1rio disse que os representantes dos clubes e atletas foram informados e est\u00e3o cientes da situa\u00e7\u00e3o. &#8220;Tanto \u00e9 que a mesma lei que foi, foi de acordo com essa reuni\u00e3o que teve, junto com o prefeito, junto com nossos diretores, junto com nossos representantes de clubes.&#8221;<\/p>\n<blockquote><p>Segundo Hulk, foi dado um &#8220;start&#8221; pelo prefeito para a readequa\u00e7\u00e3o. &#8220;O pessoal n\u00e3o precisa ficar preocupado, que realmente a gente vai trabalhar com esses novos valores agora para esse ano.&#8221;<\/p><\/blockquote>\n<p>O secret\u00e1rio afirmou que a lei &#8220;vai retornar&#8221; e que o prefeito Cassiano Maia, descrito por ele como algu\u00e9m &#8220;que adora o esporte&#8221;, &#8220;vai sancionar essa lei&#8221;. A expectativa declarada \u00e9 de que a nova norma seja cumprida &#8220;com rigor certinho&#8221;.<\/p>\n<p>N\u00e3o houve, na entrevista, men\u00e7\u00e3o a uma data espec\u00edfica para o envio do novo projeto \u00e0 C\u00e2mara.<\/p>\n<h2>Misto Esporte Clube: apoio e estrutura<\/h2>\n<p>Hulk tamb\u00e9m falou sobre o apoio ao Misto Esporte Clube, que disputa a S\u00e9rie B do Campeonato Sul-Mato-Grossense. Segundo ele, o planejamento do governo do prefeito Cassiano Maia \u00e9 &#8220;deixar adequado todas as estruturas&#8221;. Os alojamentos do est\u00e1dio Madrugad\u00e3o foram entregues \u00e0 diretoria do Misto, incluindo as \u00e1reas do Corpo de Bombeiros, da Pol\u00edcia Militar e da Vigil\u00e2ncia Sanit\u00e1ria.<\/p>\n<p>A prefeitura firmou um termo de conv\u00eanio para a cess\u00e3o do est\u00e1dio, permitindo que o Misto realize os tr\u00eas jogos que mandar\u00e1 em casa. &#8220;A gente espera que suba para a primeira divis\u00e3o para o ano que vem&#8221;, declarou.<\/p>\n<p>O secret\u00e1rio mencionou que, no anivers\u00e1rio do clube, houve quase mil pessoas e que, na quarta-feira, o est\u00e1dio lotou com a partida dos antigos jogadores. Ele classificou o est\u00e1dio Madrugad\u00e3o como um dos melhores, destacando o gramado cuidado pelo colaborador Dori.<\/p>\n<blockquote><p>Sobre a participa\u00e7\u00e3o da popula\u00e7\u00e3o, Hulk afirmou: &#8220;A popula\u00e7\u00e3o \u00e9 importante nesse processo. Ela \u00e9 importante, por exemplo, na aquisi\u00e7\u00e3o de camisetas do clube, \u00e9 importante na presen\u00e7a dela no jogo.&#8221; Ele disse esperar que o projeto se mantenha por 10, 15 ou 20 anos.<\/p><\/blockquote>\n<h2>Escolinhas, base e amador<\/h2>\n<p>Sobre os projetos da Sejuvel, o secret\u00e1rio informou que foram abertas 1.474 inscri\u00e7\u00f5es no in\u00edcio do ano. H\u00e1 rotatividade de crian\u00e7as, com chamamento de cadastro reserva. As ligas de basquetebol, voleibol, nata\u00e7\u00e3o e atletismo j\u00e1 come\u00e7aram.<\/p>\n<p>Ele citou que a equipe foi campe\u00e3 do basquetebol sub-14 em Nova Andradina no final de semana anterior \u00e0 entrevista. As categorias de base (sub-9 e sub-11) est\u00e3o em andamento na Escola Objetivo e no Madrugad\u00e3o.<\/p>\n<p>A primeira rodada do\u00a0Amador Varziano\u00a0est\u00e1 prevista para o dia 3 (domingo), no Madrugad\u00e3o e nos campos do S\u00e3o Jo\u00e3o, Paranapung\u00e1, Santo Andr\u00e9 e Alto da Boa Vista. Haver\u00e1 dois jogos no s\u00e1bado (final da tarde\/in\u00edcio da noite) e dois no domingo, totalizando quatro jogos por rodada. Nove equipes participam, com fase classificat\u00f3ria seguida de mata-mata.<\/p>\n<h2>Eventos estaduais e parcerias<\/h2>\n<p>O secret\u00e1rio afirmou que Tr\u00eas Lagoas receber\u00e1, em parceria com o Governo do Estado:<\/p>\n<p>Jogos da Juventude\u00a0(voleibol, basquete e futebol de sal\u00e3o, terceira divis\u00e3o), com aproximadamente 1.300 crian\u00e7as, entre os dias 15 e 17.<\/p>\n<p>Competi\u00e7\u00e3o da Melhor Idade\u00a0(dama, truco, domin\u00f3, t\u00eanis de mesa, sinuca), entre os dias 19 e 21, realizada dentro do shopping Tr\u00eas Lagoas.<\/p>\n<p>Segundo Hulk, os eventos movimentam a economia local (hot\u00e9is, bares, restaurantes). Ele afirmou que os visitantes &#8220;adoram vir para Tr\u00eas Lagoas porque Tr\u00eas Lagoas recebe bem&#8221;, citando a boa receptividade, os gin\u00e1sios, o Arena Mix e as belezas naturais (lagos, balne\u00e1rio municipal, Jupi\u00e1).<\/p>\n<p>O &#8220;Trein\u00e3o da Corrida dos Poderes&#8221; est\u00e1 marcado para o dia 20 de junho. No ano passado, o evento mobilizou um n\u00famero de pessoas n\u00e3o especificado na entrevista. &#8220;Tem esporte a\u00ed para o pessoal praticar e para todos os gostos&#8221;, disse o secret\u00e1rio.<\/p>\n<p>Sobre o relacionamento com o prefeito Cassiano Maia, Hulk afirmou que as tratativas s\u00e3o &#8220;muito bem aceitas&#8221;. Ele descreveu o prefeito como algu\u00e9m que &#8220;adora o esporte, pratica esporte, apoia o esporte, gosta do esporte&#8221;, assim como a primeira-dama Kelly. Ambos praticam corridas, e o prefeito \u00e9 frequente em campos, quadras e jogos escolares.<\/p>\n","protected":false},"excerpt":{"rendered":"<p>O Di\u00e1rio Oficial n\u00ba 4080, publicado na segunda-feira (27) pela ASSOMASUL, trouxe as Resolu\u00e7\u00f5es n\u00ba 007 e n\u00ba 008 da C\u00e2mara Municipal de Tr\u00eas Lagoas, ambas de 22 de abril de 2026. Os documentos confirmam que o Legislativo manteve o veto integral do Poder Executivo a dois projetos que tratavam do reajuste de premia\u00e7\u00f5es de [&hellip;]<\/p>\n","protected":false},"author":5,"featured_media":45861,"comment_status":"open","ping_status":"open","sticky":false,"template":"","format":"standard","meta":{"om_disable_all_campaigns":false,"_monsterinsights_skip_tracking":false,"_monsterinsights_sitenote_active":false,"_monsterinsights_sitenote_note":"","_monsterinsights_sitenote_category":0,"footnotes":""},"categories":[30,34,266,193,48],"tags":[],"aioseo_notices":[],"_links":{"self":[{"href":"https:\/\/expressaoms.com.br\/index.php\/wp-json\/wp\/v2\/posts\/45860"}],"collection":[{"href":"https:\/\/expressaoms.com.br\/index.php\/wp-json\/wp\/v2\/posts"}],"about":[{"href":"https:\/\/expressaoms.com.br\/index.php\/wp-json\/wp\/v2\/types\/post"}],"author":[{"embeddable":true,"href":"https:\/\/expressaoms.com.br\/index.php\/wp-json\/wp\/v2\/users\/5"}],"replies":[{"embeddable":true,"href":"https:\/\/expressaoms.com.br\/index.php\/wp-json\/wp\/v2\/comments?post=45860"}],"version-history":[{"count":3,"href":"https:\/\/expressaoms.com.br\/index.php\/wp-json\/wp\/v2\/posts\/45860\/revisions"}],"predecessor-version":[{"id":45864,"href":"https:\/\/expressaoms.com.br\/index.php\/wp-json\/wp\/v2\/posts\/45860\/revisions\/45864"}],"wp:featuredmedia":[{"embeddable":true,"href":"https:\/\/expressaoms.com.br\/index.php\/wp-json\/wp\/v2\/media\/45861"}],"wp:attachment":[{"href":"https:\/\/expressaoms.com.br\/index.php\/wp-json\/wp\/v2\/media?parent=45860"}],"wp:term":[{"taxonomy":"category","embeddable":true,"href":"https:\/\/expressaoms.com.br\/index.php\/wp-json\/wp\/v2\/categories?post=45860"},{"taxonomy":"post_tag","embeddable":true,"href":"https:\/\/expressaoms.com.br\/index.php\/wp-json\/wp\/v2\/tags?post=45860"}],"curies":[{"name":"wp","href":"https:\/\/api.w.org\/{rel}","templated":true}]}}