{"id":45874,"date":"2026-04-28T11:20:45","date_gmt":"2026-04-28T15:20:45","guid":{"rendered":"https:\/\/expressaoms.com.br\/?p=45874"},"modified":"2026-04-28T11:20:45","modified_gmt":"2026-04-28T15:20:45","slug":"2o-bpm-realiza-palestras-educativas-sobre-transito-para-a-patrulha-mirim-em-tres-lagoas","status":"publish","type":"post","link":"https:\/\/expressaoms.com.br\/index.php\/2026\/04\/28\/2o-bpm-realiza-palestras-educativas-sobre-transito-para-a-patrulha-mirim-em-tres-lagoas\/","title":{"rendered":"2\u00ba BPM realiza palestras educativas sobre tr\u00e2nsito para a Patrulha Mirim em Tr\u00eas Lagoas"},"content":{"rendered":"<p class=\"ds-markdown-paragraph\">O 2\u00ba Batalh\u00e3o de Pol\u00edcia Militar realizou, nesta segunda-feira, palestras educativas voltadas aos integrantes da Patrulha Mirim da Pol\u00edcia Militar. A a\u00e7\u00e3o foi conduzida por policiais militares do Pelot\u00e3o de Tr\u00e2nsito do 2\u00ba BPM, que abordaram orienta\u00e7\u00f5es e dicas importantes para a utiliza\u00e7\u00e3o segura das vias urbanas, promovendo a conscientiza\u00e7\u00e3o no tr\u00e2nsito desde a inf\u00e2ncia.<\/p>\n<p class=\"ds-markdown-paragraph\">A Patrulha Mirim \u00e9 composta por crian\u00e7as e adolescentes participantes do Servi\u00e7o de Conviv\u00eancia e Fortalecimento de V\u00ednculos, refor\u00e7ando a import\u00e2ncia da educa\u00e7\u00e3o cidad\u00e3 e preventiva. A iniciativa busca formar jovens mais conscientes sobre seus direitos e deveres no tr\u00e2nsito, contribuindo para a redu\u00e7\u00e3o de acidentes e para a constru\u00e7\u00e3o de uma cultura de respeito \u00e0s normas de tr\u00e2nsito.<\/p>\n<p class=\"ds-markdown-paragraph\">As palestras foram realizadas em turmas, nos per\u00edodos matutino e vespertino, contemplando cerca de 60 alunos. Durante as atividades, os policiais militares utilizaram linguagem adequada \u00e0 faixa et\u00e1ria dos participantes, com exemplos pr\u00e1ticos e situa\u00e7\u00f5es do dia a dia para facilitar o aprendizado.<\/p>\n<p class=\"ds-markdown-paragraph\">A\u00e7\u00f5es como essa demonstram o compromisso da Pol\u00edcia Militar com a forma\u00e7\u00e3o cidad\u00e3 desde a inf\u00e2ncia, indo al\u00e9m do papel ostensivo e repressivo. Ao investir na educa\u00e7\u00e3o para o tr\u00e2nsito, o 2\u00ba BPM contribui para a forma\u00e7\u00e3o de uma gera\u00e7\u00e3o mais consciente e preparada para conviver de forma segura no espa\u00e7o urbano.<\/p>\n<p class=\"ds-markdown-paragraph\">A expectativa \u00e9 de que novos encontros e atividades sejam realizados ao longo do ano, ampliando o alcance do programa e fortalecendo os v\u00ednculos entre a corpora\u00e7\u00e3o e a comunidade.<\/p>\n","protected":false},"excerpt":{"rendered":"<p>O 2\u00ba Batalh\u00e3o de Pol\u00edcia Militar realizou, nesta segunda-feira, palestras educativas voltadas aos integrantes da Patrulha Mirim da Pol\u00edcia Militar. A a\u00e7\u00e3o foi conduzida por policiais militares do Pelot\u00e3o de Tr\u00e2nsito do 2\u00ba BPM, que abordaram orienta\u00e7\u00f5es e dicas importantes para a utiliza\u00e7\u00e3o segura das vias urbanas, promovendo a conscientiza\u00e7\u00e3o no tr\u00e2nsito desde a inf\u00e2ncia. [&hellip;]<\/p>\n","protected":false},"author":5,"featured_media":45875,"comment_status":"open","ping_status":"open","sticky":false,"template":"","format":"standard","meta":{"om_disable_all_campaigns":false,"_monsterinsights_skip_tracking":false,"_monsterinsights_sitenote_active":false,"_monsterinsights_sitenote_note":"","_monsterinsights_sitenote_category":0,"footnotes":""},"categories":[30,266,41,193,48],"tags":[],"aioseo_notices":[],"_links":{"self":[{"href":"https:\/\/expressaoms.com.br\/index.php\/wp-json\/wp\/v2\/posts\/45874"}],"collection":[{"href":"https:\/\/expressaoms.com.br\/index.php\/wp-json\/wp\/v2\/posts"}],"about":[{"href":"https:\/\/expressaoms.com.br\/index.php\/wp-json\/wp\/v2\/types\/post"}],"author":[{"embeddable":true,"href":"https:\/\/expressaoms.com.br\/index.php\/wp-json\/wp\/v2\/users\/5"}],"replies":[{"embeddable":true,"href":"https:\/\/expressaoms.com.br\/index.php\/wp-json\/wp\/v2\/comments?post=45874"}],"version-history":[{"count":1,"href":"https:\/\/expressaoms.com.br\/index.php\/wp-json\/wp\/v2\/posts\/45874\/revisions"}],"predecessor-version":[{"id":45876,"href":"https:\/\/expressaoms.com.br\/index.php\/wp-json\/wp\/v2\/posts\/45874\/revisions\/45876"}],"wp:featuredmedia":[{"embeddable":true,"href":"https:\/\/expressaoms.com.br\/index.php\/wp-json\/wp\/v2\/media\/45875"}],"wp:attachment":[{"href":"https:\/\/expressaoms.com.br\/index.php\/wp-json\/wp\/v2\/media?parent=45874"}],"wp:term":[{"taxonomy":"category","embeddable":true,"href":"https:\/\/expressaoms.com.br\/index.php\/wp-json\/wp\/v2\/categories?post=45874"},{"taxonomy":"post_tag","embeddable":true,"href":"https:\/\/expressaoms.com.br\/index.php\/wp-json\/wp\/v2\/tags?post=45874"}],"curies":[{"name":"wp","href":"https:\/\/api.w.org\/{rel}","templated":true}]}}