{"id":45880,"date":"2026-04-28T14:30:24","date_gmt":"2026-04-28T18:30:24","guid":{"rendered":"https:\/\/expressaoms.com.br\/?p=45880"},"modified":"2026-04-28T11:31:25","modified_gmt":"2026-04-28T15:31:25","slug":"traga-a-sua-vaga-empresas-de-tl-podem-se-cadastrar-no-feirao-da-empregabilidade","status":"publish","type":"post","link":"https:\/\/expressaoms.com.br\/index.php\/2026\/04\/28\/traga-a-sua-vaga-empresas-de-tl-podem-se-cadastrar-no-feirao-da-empregabilidade\/","title":{"rendered":"TRAGA A SUA VAGA \u2013 Empresas de TL podem se cadastrar no Feir\u00e3o da Empregabilidade"},"content":{"rendered":"<p>A Prefeitura de Tr\u00eas Lagoas, por meio da Secretaria Municipal de Desenvolvimento Econ\u00f4mico, Ci\u00eancia, Tecnologia e Inova\u00e7\u00e3o (SEDECTI), em parceria com o SEBRAE, FUNTRAB, SEMADESC e associa\u00e7\u00f5es parceiras, convida empresas do munic\u00edpio a participarem do Feir\u00e3o da Empregabilidade, que ter\u00e1 sua primeira edi\u00e7\u00e3o realizada no bairro Novo Oeste, com atendimento aberto para toda a popula\u00e7\u00e3o da cidade.<\/p>\n<p>A a\u00e7\u00e3o acontecer\u00e1 no dia 23 de maio de 2026, das 7h \u00e0s 13h, na Escola Municipal Elaine de S\u00e1, localizada no bairro Novo Oeste, e tem como principal objetivo aproximar empregadores de trabalhadores que buscam uma oportunidade no mercado.<\/p>\n<p>Neste primeiro momento, o chamamento \u00e9 voltado especialmente \u00e0s empresas interessadas em divulgar vagas de emprego e participar da iniciativa, fortalecendo a gera\u00e7\u00e3o de renda e ampliando o acesso \u00e0s oportunidades em Tr\u00eas Lagoas.<\/p>\n<p>As empresas interessadas devem realizar o cadastro de vagas at\u00e9 o dia 20 de maio, por meio do link oficial\u00a0<strong><em><a href=\"https:\/\/www.msqualifica.ms.gov.br\/\">https:\/\/www.msqualifica.ms.gov.br\/<\/a><\/em><\/strong>.<\/p>\n<p>Em caso de d\u00favidas ou para mais informa\u00e7\u00f5es, tamb\u00e9m est\u00e1 dispon\u00edvel o telefone (67) 98139-2586.<\/p>\n<p>A participa\u00e7\u00e3o das empresas \u00e9 essencial para o sucesso do feir\u00e3o, garantindo mais vagas dispon\u00edveis e contribuindo diretamente para o desenvolvimento econ\u00f4mico do munic\u00edpio.<\/p>\n<p>Al\u00e9m das oportunidades de emprego, a popula\u00e7\u00e3o contar\u00e1 com diversos atendimentos e orienta\u00e7\u00f5es, entre eles vagas de emprego, encaminhamento profissional, orienta\u00e7\u00e3o sobre curr\u00edculos, orienta\u00e7\u00e3o ao candidato, defesa do consumidor, servi\u00e7os de sa\u00fade e apoio ao com\u00e9rcio local.<\/p>\n<p>A a\u00e7\u00e3o contar\u00e1 ainda com apoio e servi\u00e7os do Procon, SENAI, Secretaria Municipal de Sa\u00fade (SMS) e Sindicatos locais.<\/p>\n","protected":false},"excerpt":{"rendered":"<p>A Prefeitura de Tr\u00eas Lagoas, por meio da Secretaria Municipal de Desenvolvimento Econ\u00f4mico, Ci\u00eancia, Tecnologia e Inova\u00e7\u00e3o (SEDECTI), em parceria com o SEBRAE, FUNTRAB, SEMADESC e associa\u00e7\u00f5es parceiras, convida empresas do munic\u00edpio a participarem do Feir\u00e3o da Empregabilidade, que ter\u00e1 sua primeira edi\u00e7\u00e3o realizada no bairro Novo Oeste, com atendimento aberto para toda a popula\u00e7\u00e3o [&hellip;]<\/p>\n","protected":false},"author":5,"featured_media":45881,"comment_status":"open","ping_status":"open","sticky":false,"template":"","format":"standard","meta":{"om_disable_all_campaigns":false,"_monsterinsights_skip_tracking":false,"_monsterinsights_sitenote_active":false,"_monsterinsights_sitenote_note":"","_monsterinsights_sitenote_category":0,"footnotes":""},"categories":[30,33,266,193,48],"tags":[],"aioseo_notices":[],"_links":{"self":[{"href":"https:\/\/expressaoms.com.br\/index.php\/wp-json\/wp\/v2\/posts\/45880"}],"collection":[{"href":"https:\/\/expressaoms.com.br\/index.php\/wp-json\/wp\/v2\/posts"}],"about":[{"href":"https:\/\/expressaoms.com.br\/index.php\/wp-json\/wp\/v2\/types\/post"}],"author":[{"embeddable":true,"href":"https:\/\/expressaoms.com.br\/index.php\/wp-json\/wp\/v2\/users\/5"}],"replies":[{"embeddable":true,"href":"https:\/\/expressaoms.com.br\/index.php\/wp-json\/wp\/v2\/comments?post=45880"}],"version-history":[{"count":1,"href":"https:\/\/expressaoms.com.br\/index.php\/wp-json\/wp\/v2\/posts\/45880\/revisions"}],"predecessor-version":[{"id":45882,"href":"https:\/\/expressaoms.com.br\/index.php\/wp-json\/wp\/v2\/posts\/45880\/revisions\/45882"}],"wp:featuredmedia":[{"embeddable":true,"href":"https:\/\/expressaoms.com.br\/index.php\/wp-json\/wp\/v2\/media\/45881"}],"wp:attachment":[{"href":"https:\/\/expressaoms.com.br\/index.php\/wp-json\/wp\/v2\/media?parent=45880"}],"wp:term":[{"taxonomy":"category","embeddable":true,"href":"https:\/\/expressaoms.com.br\/index.php\/wp-json\/wp\/v2\/categories?post=45880"},{"taxonomy":"post_tag","embeddable":true,"href":"https:\/\/expressaoms.com.br\/index.php\/wp-json\/wp\/v2\/tags?post=45880"}],"curies":[{"name":"wp","href":"https:\/\/api.w.org\/{rel}","templated":true}]}}